{"id":27894,"date":"2015-01-06T09:20:48","date_gmt":"2015-01-06T09:20:48","guid":{"rendered":"https:\/\/blog.fuertehoteles.com\/?p=27894"},"modified":"2020-10-06T10:27:17","modified_gmt":"2020-10-06T08:27:17","slug":"monate-plane-andalusien","status":"publish","type":"post","link":"https:\/\/blog.fuertehoteles.com\/de\/top-ten\/monate-plane-andalusien\/","title":{"rendered":"12 Monate, 12 Pl\u00e4ne Andalusien zu genie\u00dfen"},"content":{"rendered":"<p>Wenn das neue Jahr anf\u00e4ngt, machen wir uns immer eine Liste mit den Vors\u00e4tzen, die wir in den n\u00e4chsten 365 Tagen umsetzen wollen. Mit dem Rauchen aufh\u00f6ren, Sport treiben oder Di\u00e4t halten sind drei der Dinge, die vielen von uns einfallen. Aber jenseits dieser \u201eSelbstversprechen\u201c gibt es viel unterhaltsamere Listen, die Sie ber\u00fccksichtigen sollten, vor allem hinsichtlich der Urlaubsplanung f\u00fcr die kommenden Monate.<\/p>\n<p>Wir vom Fuerte Blog m\u00f6chten Ihnen helfen und schlagen Ihnen ein lustiges <strong>Ranking zur Verwirklichung im Jahr 2015 vor.<\/strong> Vers\u00e4umen Sie unsere <strong>12 Monate und 12 Pl\u00e4ne in Andalusien nicht, ein Plan f\u00fcr jeden Monat, damit Sie, wann immer Sie m\u00f6chten, <\/strong>einen Abstecher in diese s\u00fcdlichen Gefilde machen und alles gie\u00dfen k\u00f6nnen, was sie Ihnen bieten.<\/p>\n<p>&nbsp;<\/p>\n<h2>1. Januar: die Schlussverk\u00e4ufe<\/h2>\n<div id=\"attachment_13377\" style=\"width: 650px\" class=\"wp-caption alignnone\"><a href=\"https:\/\/blog.fuertehoteles.com\/wp-content\/uploads\/2015\/01\/rebajas.jpg\"><img aria-describedby=\"caption-attachment-13377\" decoding=\"async\" class=\"size-full wp-image-13377\" src=\"https:\/\/blog.fuertehoteles.com\/wp-content\/uploads\/2015\/01\/rebajas.jpg\" alt=\"Die Schlussverk\u00e4ufe\" width=\"640\" height=\"420\" \/><\/a><p id=\"caption-attachment-13377\" class=\"wp-caption-text\">Die Schlussverk\u00e4ufe<\/p><\/div>\n<p>Zu Jahresbeginn kommt der um sehns\u00fcchtigsten erwartete Momente f\u00fcr die Konsumenten: die Schlussverk\u00e4ufe. Der Monat Januar ist ideal, um sich diese Kleider, Taschen, Schuhe oder Accessoires, die wir uns schon lange w\u00fcnschen, zu einem guten Preis zu kaufen. Ein perfekter Ort in Andalusien f\u00fcr\u00b4s Shopping und umso mehr f\u00fcr den Schlussverkauf ist zweifelsohne Marbella. Diese Stadt an der Costa del Sol verf\u00fcgt \u00fcber eine gro\u00dfe Zahl an Boutiquen von gro\u00dfen, internationalen Modeh\u00e4usern und ist der ideale Ort, um sich ein Luxusvergn\u00fcgen zu leisten und Modelle in bester Qualit\u00e4t zu erwerben.<\/p>\n<p>&nbsp;<\/p>\n<h2>2. Februar: D\u00eda de Andaluc\u00eda<\/h2>\n<div id=\"attachment_13377\" style=\"width: 650px\" class=\"wp-caption alignnone\"><a href=\"https:\/\/blog.fuertehoteles.com\/wp-content\/uploads\/2015\/01\/Mollete.jpg\"><img aria-describedby=\"caption-attachment-13377\" decoding=\"async\" class=\"size-full wp-image-13377\" src=\"https:\/\/blog.fuertehoteles.com\/wp-content\/uploads\/2015\/01\/Mollete.jpg\" alt=\"Dia de Andalucia\" width=\"640\" height=\"420\" \/><\/a><p id=\"caption-attachment-13377\" class=\"wp-caption-text\">Dia de Andalucia<\/p><\/div>\n<p>Wenn Sie lieber im Februar einen Trip in den S\u00fcden von Spanien machen m\u00f6chten, k\u00f6nnen Sie an einem gro\u00dfen Fest teilnehmen: dem andalusischen Nationalfeiertag, el D\u00eda de Andaluc\u00eda. Am 28. dieses Monats wird der Durchf\u00fchrung des Referendums \u00fcber die Initiative des Autonomieprozesses gedacht. \u00dcberall im Land finden Feste und Verkostungen heimischer Produkte statt. Es ist Tradition, den Kindern zur Vesper Brot mit Oliven\u00f6l zu geben und in vielen D\u00f6rfern klingen Sevillanas und Flamenco von den f\u00fcr diesen gro\u00dfen Tag errichteten B\u00fchnen.<\/p>\n<p>Wir empfehlen, Casares, den Geburtsort von Blas Infante, zu besuchen, der als Vater Andalusiens gilt. Es handelt sich um ein kleines Dorf an der Costa del Sol mit ganz besonderem Charme, den ihm seine engen, von wei\u00dfen H\u00e4usern mit Blument\u00f6pfen in den Fenstern ges\u00e4umten G\u00e4sschen verleihen. Hier finden mehrere Gedenkveranstaltungen statt, um einem seiner ber\u00fchmtesten S\u00f6hne zu gedenken, und in den meisten D\u00f6rfern enden diese Veranstaltungen mit dem Singen der andalusischen Nationalhymne durch alle Einwohner.<\/p>\n<p>&nbsp;<\/p>\n<h2>3. M\u00e4rz: Karneval<\/h2>\n<div id=\"attachment_13377\" style=\"width: 650px\" class=\"wp-caption alignnone\"><a href=\"https:\/\/blog.fuertehoteles.com\/wp-content\/uploads\/2015\/01\/03.jpg\"><img aria-describedby=\"caption-attachment-13377\" decoding=\"async\" class=\"size-full wp-image-13377\" src=\"https:\/\/blog.fuertehoteles.com\/wp-content\/uploads\/2015\/01\/03.jpg\" alt=\"Karneval\" width=\"640\" height=\"420\" \/><\/a><p id=\"caption-attachment-13377\" class=\"wp-caption-text\">Karneval<\/p><\/div>\n<p>In Spanien ist das Synonym f\u00fcr Karneval C\u00e1diz. Sie k\u00f6nnen in diesen Tagen unm\u00f6glich in Andalusien sein ohne der Hauptstadt von C\u00e1diz einen Besuch abzustatten. In diesem Jahr 2015 dauern die Festlichkeiten vom 27. Februar bis zum 9. M\u00e4rz. Das Bekannteste in diesen Wochen ist der Wettbewerb der Gesangsgruppen (\u201echirigotas\u201c) und Karnevalstruppen im Teatro Manuel de Falla, wo mehr als 100 Gruppen um den Einzug in die Halbfinale und das Finale streiten, indem sie satirische Lieder \u00fcber Politiker, Ber\u00fchmtheiten und andere wichtige Themen singen.<\/p>\n<p>Der Rest der andalusischen St\u00e4dte und D\u00f6rfer feiert seine eigenen Karnevalsfeste, in einigen F\u00e4llen mit gro\u00dfem Prunk, und die Musikkapellen und Karnevalsgruppen sind in diesen Tagen \u00fcberall in Andalusien zu sehen.<\/p>\n<p>&nbsp;<\/p>\n<h2>4. April: Semana Santa (\u201eHeilige Woche\u201c)<\/h2>\n<div id=\"attachment_13377\" style=\"width: 650px\" class=\"wp-caption alignnone\"><a href=\"https:\/\/blog.fuertehoteles.com\/wp-content\/uploads\/2015\/01\/semana-santa-en-sevilla.jpg\"><img aria-describedby=\"caption-attachment-13377\" decoding=\"async\" class=\"size-full wp-image-13377\" src=\"https:\/\/blog.fuertehoteles.com\/wp-content\/uploads\/2015\/01\/semana-santa-en-sevilla.jpg\" alt=\"Heilige Woche\" width=\"640\" height=\"420\" \/><\/a><p id=\"caption-attachment-13377\" class=\"wp-caption-text\">Heilige Woche<\/p><\/div>\n<p>Eine der wichtigsten religi\u00f6sen Traditionen in Spanien, und konkret in Andalusien, ist die Semana Santa, die \u201eHeilige Woche\u201c. An diesen Tage, an denen der Passion Jesu gedacht wird, gehen die Heiligen, die Jungfrauen und die Christen in Prozessionen auf die Stra\u00dfe. Reihen von B\u00fc\u00dfern (die Kapuzen, Tuniken und Kerzen tragen) begleiten die Sch\u00e4tze der andalusischen Bildenden Kunst sowie spezielle Musikgruppen der Semana Santa.<\/p>\n<p>Vers\u00e4umen Sie am Ostermontag nicht den Gefangenen von M\u00e1laga, unverwechselbares Zeichen ergebener Hingabe und Beispiel von Vertrauen und Tradition, das majest\u00e4tisch durch die Stra\u00dfen der Malagaer Hauptstadt zieht. Wir empfehlen Ihnen auch den Gr\u00fcndonnerstag in Sevilla, an dem die ganze Stadt auf den Stra\u00dfen ist, um El Silencio (\u201edie Stille\u201c), El Gran Poder (\u201edie gro\u00dfe Macht\u201c), La Macarena, La Esperanza de Triana (\u201edie Hoffnung von Triana\u201c, ein Stadtviertel in Sevilla), El Calvario (\u201eder Kreuzweg\u201c) und Los Gitanos (\u201edie Zigeuner\u201c) zu begleiten in einer unter dem Namen \u201cmadrug\u00e1 sevillana\u201d bekannten Prozession. Wenn Sie in der Semana Santa in Andalusien sind, achten Sie auch besonders auf die kulturellen Veranstaltungen wie das Singen der Saetas (eine f\u00fcr diese Zeit typische Art des Flamenco) sowie auf die herausgeputzte Kleidung der Frauen mit schwarzer Mantille, einem sehr spanischen Symbol f\u00fcr den Schmerz \u00fcber den Tod Christi.<\/p>\n<p>Z\u00f6gern Sie nicht, nach der Semana Santa noch l\u00e4nger in Sevilla zu bleiben, um die Feria de Abril (Aprilmesse) zu genie\u00dfen, bei der die (typische regionales) Zigeunertrachten, die Laternen, die Pferde und die Sevillanas (andalusischer Tanz) die Protagonisten einer der bedeutendsten Kultur- und Folkloreveranstaltungen Andalusiens sind.<\/p>\n<p>&nbsp;<\/p>\n<h2>5. Mai: Kreuze und H\u00f6fe<\/h2>\n<div id=\"attachment_13377\" style=\"width: 650px\" class=\"wp-caption alignnone\"><a href=\"https:\/\/blog.fuertehoteles.com\/wp-content\/uploads\/2015\/01\/05.jpg\"><img aria-describedby=\"caption-attachment-13377\" decoding=\"async\" class=\"size-full wp-image-13377\" src=\"https:\/\/blog.fuertehoteles.com\/wp-content\/uploads\/2015\/01\/05.jpg\" alt=\"Kreuze und H\u00f6fe\" width=\"640\" height=\"420\" \/><\/a><p id=\"caption-attachment-13377\" class=\"wp-caption-text\">Kreuze und H\u00f6fe<\/p><\/div>\n<p>Ihren Ausflug nach Spanien im Mai zu planen ist ein Volltreffer, vor allem, wenn Sie den andalusischen Geist in vollkommener Reinheit erleben und seine Sch\u00f6nheit genie\u00dfen m\u00f6chten. Der f\u00fcnfte Monat des Jahres bringt die H\u00f6fe von C\u00f3rdoba, eine Kulturveranstaltung, die darin besteht, die Innenh\u00f6fe der Stadt herzurichten und mit Blumen zu dekorieren. Es handelt sich um wahrhafte Kunstwerke, nat\u00fcrliche Augenweiden. Ein Erlebnis, dass Sie nicht vers\u00e4umen d\u00fcrfen und fotografisch festhalten m\u00fcssen, um die Erinnerung immer zu bewahren.<\/p>\n<p>Ebenfalls in C\u00f3rdoba und in Granada werden die Maikreuze gefeiert. In ihren Stra\u00dfen finden Sie Alt\u00e4re, die von Kreuzen voller Blumen gekr\u00f6nt werden, die zusammen mit der gesamtem Umgebung dem Ambiente ein besonderes Aroma und Farbenfreude verleihen. Eine Demonstration der \u00c4sthetik, die Sie nicht vers\u00e4umen sollten, und bei der Sie ebenfalls die andalusische Folklore mit ihren regionalen T\u00e4nzen und Ges\u00e4ngen genie\u00dfen k\u00f6nnen.<\/p>\n<p>&nbsp;<\/p>\n<h2>6. Juni: San Juan<\/h2>\n<div id=\"attachment_13377\" style=\"width: 650px\" class=\"wp-caption alignnone\"><a href=\"https:\/\/blog.fuertehoteles.com\/wp-content\/uploads\/2015\/01\/06.jpg\"><img aria-describedby=\"caption-attachment-13377\" decoding=\"async\" class=\"size-full wp-image-13377\" src=\"https:\/\/blog.fuertehoteles.com\/wp-content\/uploads\/2015\/01\/06.jpg\" alt=\"San Juan\" width=\"640\" height=\"420\" \/><\/a><p id=\"caption-attachment-13377\" class=\"wp-caption-text\">San Juan<\/p><\/div>\n<p>Wenn Sie Andalusien dagegen im Juni besuchen m\u00f6chten, ist Ihr perfektes Ziel zweifelsohne die Costa del Sol. In der Nacht vom 23. zum 24. Juni wird die Nacht von San Juan (Johannisfest) gefeiert, ein magisches Fest voller Zauber und W\u00fcnsche, die die gesamte K\u00fcste wie Glut entz\u00fcndet. Die Johannisfeuer finden am Strand statt und Punkt 12 Uhr Mitternacht baden die Leute im Meer, um um die Erf\u00fcllung ihrer W\u00fcnsche zu bitten und sich zu reinigen. Dazu muss man dreimal durch das Feuer springen, um die schlechten Energien gehen zu lassen. Ein Ritual, dass es wirklich wert ist, es zu erleben.<\/p>\n<p>Daher ist der heilige Johannes, der T\u00e4ufer, dessen Tag am 24. Juni gefeiert wird, der Schutzpatron vieler andalusischer D\u00f6rfer, die an diesem Tag ihr gr\u00f6\u00dftes Fest feiern wie etwa in Alosno (Huelva) mit seinem Tanz der Gl\u00f6ckchentr\u00e4ger.<\/p>\n<p>Unter den Viehfesten m\u00fcssen wir den Auszug der Stuten in Almonte (Huelva) am 26. Juni hervorheben. Die M\u00e4nner des Dorfes steigen zu Pferd bis zu den Feuchtgebieten des Parque Nacional de Do\u00f1ana auf, von wo aus sie die Stuten und Fohlen, die im Laufe des Jahres geboren wurden, bis zum Dorf treiben in einer wundersch\u00f6nen Stampede, vor allem, wenn sie die Gemeinde von El Roc\u00edo durchqueren.<\/p>\n<p>&nbsp;<\/p>\n<h2>7. Juli: Virgen del Carmen<\/h2>\n<div id=\"attachment_13377\" style=\"width: 650px\" class=\"wp-caption alignnone\"><a href=\"https:\/\/blog.fuertehoteles.com\/wp-content\/uploads\/2015\/01\/virgen-rosario.jpg\"><img aria-describedby=\"caption-attachment-13377\" decoding=\"async\" class=\"size-full wp-image-13377\" src=\"https:\/\/blog.fuertehoteles.com\/wp-content\/uploads\/2015\/01\/virgen-rosario.jpg\" alt=\" Virgen del Carmen\" width=\"640\" height=\"420\" \/><\/a><p id=\"caption-attachment-13377\" class=\"wp-caption-text\">Virgen del Carmen<\/p><\/div>\n<p>Der Juli bringt das Seemannsfest schlechthin mit sich, den Tag der Virgen del Carmen, der am 16. besagten Monats gefeiert wird. Wir empfehlen, diesen an einem Punkt der andalusischen K\u00fcste zu verbringen, denn diese tief verwurzelte religi\u00f6se Tradition, ist es wirlich wert, sie zu erleben.<\/p>\n<p>Die Virgen del Carmen, Schutzpatronin der Seefahrer, wird in einer Prozession durch die Stra\u00dfen der D\u00f6rfer der andalusischen K\u00fcste getragen, um alle die zu segnen, die sich der m\u00fchseligen Arbeit des Fischfangs widmen. Das Bildnis gelangt bis zum Strand, um das Wasser zu weihen und f\u00fcr den Schutz der S\u00f6hne des Meeres zu wachen. Eine Feierlichkeit, die Sie mit seiner Sch\u00f6nheit und Hingabe \u00fcberraschen wird. An einigen Orten wird die Jungfrau sogar ins Meer getragen, sei es auf einem Boot oder auf den Schultern der Seem\u00e4nner.<\/p>\n<p>&nbsp;<\/p>\n<h2>8. August: Feria de M\u00e1laga<\/h2>\n<div id=\"attachment_13377\" style=\"width: 650px\" class=\"wp-caption alignnone\"><a href=\"https:\/\/blog.fuertehoteles.com\/wp-content\/uploads\/2015\/01\/08.jpg\"><img aria-describedby=\"caption-attachment-13377\" decoding=\"async\" class=\"size-full wp-image-13377\" src=\"https:\/\/blog.fuertehoteles.com\/wp-content\/uploads\/2015\/01\/08.jpg\" alt=\" Feria de M\u00e1laga\" width=\"640\" height=\"420\" \/><\/a><p id=\"caption-attachment-13377\" class=\"wp-caption-text\">Feria de M\u00e1laga<\/p><\/div>\n<p>Im August ist M\u00e1laga die Hauptperson, also z\u00f6gern Sie nicht und notieren Sie sich dieses Ziel in Ihrem Kalender. Die Augustmesse in Andalusien, die am meisten gefeiert wird, ist die der Malagaer Hauptstadt, die im Jahr 2015 vom 16. bis zum 23. August stattfinden wird und die der Einnahme der Stadt durch die Katholischen K\u00f6nige am 19. August 1487 gedenkt. Das \u201eFeria del Sur de Europa\u201c genannte Fest ist das spanische Fest mit der gr\u00f6\u00dften Besucherzahl.<\/p>\n<p>Sie k\u00f6nnen es am Tag wie auch in er Nacht genie\u00dfen. Die Messe wird am Tag in den Stra\u00dfen des Stadtzentrums gefeiert, wo die Sevillanas, der f\u00fcr die Gegend typische Wein (Cartojal oder M\u00e1laga Virgen unter anderem) und die Freude der Menschen an jeder Ecke \u00fcbersprudeln. Die Messe verlagert sich in der Nacht auf das Messegel\u00e4nde, auf dem die Attraktionen f\u00fcr Kinder, die St\u00e4nde zum Tanzen und die R\u00e4ume zum Genuss der besten Konzerte zu finden sind, dies alles zwischen Laternen, gepunkteten Stoffen und Blumen im Haar.<\/p>\n<p>&nbsp;<\/p>\n<h2>9. September: Weinfest<\/h2>\n<div id=\"attachment_13377\" style=\"width: 650px\" class=\"wp-caption alignnone\"><a href=\"https:\/\/blog.fuertehoteles.com\/wp-content\/uploads\/2015\/01\/feria.jpg\"><img aria-describedby=\"caption-attachment-13377\" decoding=\"async\" class=\"size-full wp-image-13377\" src=\"https:\/\/blog.fuertehoteles.com\/wp-content\/uploads\/2015\/01\/feria.jpg\" alt=\"Weinfest\" width=\"640\" height=\"420\" \/><\/a><p id=\"caption-attachment-13377\" class=\"wp-caption-text\">Weinfest<\/p><\/div>\n<p>Andalusien ist eine Region voller Weinberge und der September ist in vielen St\u00e4dten der Gegen ein besonderer Monat. Mit der Traubenlese finden Feste rund um den Weinanbau statt mit kulturellen Veranstaltungen, Verkostungen von Weinen und regionalen Produkten sowie Gesang und Tanz. Jerez oder C\u00f3mpeta sind zwei der herausragenden Orte, obwohl die \u00e4lteste die Real Feria von La Palma del Condado in Huelva ist, die kontinuierlich seit 1398 gefeiert wird. Im Laufe all dieser Jahre hat sich das Fest ver\u00e4ndert, von seinem \u00f6konomischen Charakter in den ersten Zeiten hin zur heutigen Feststimmung. Der Ausritt zu Pferd und in der Kutsche ist einer der aufsehenerregendsten Bestandteile der Feier, mit den typischen andalusische Trachten und Sevillana- und Rumba-Tanz.<\/p>\n<p>&nbsp;<\/p>\n<h2>10. Oktober: Virgen del Rosario<\/h2>\n<div id=\"attachment_13377\" style=\"width: 650px\" class=\"wp-caption alignnone\"><a href=\"https:\/\/blog.fuertehoteles.com\/wp-content\/uploads\/2015\/01\/10.jpg\"><img aria-describedby=\"caption-attachment-13377\" decoding=\"async\" class=\"size-full wp-image-13377\" src=\"https:\/\/blog.fuertehoteles.com\/wp-content\/uploads\/2015\/01\/10.jpg\" alt=\"Virgen del Rosario\" width=\"640\" height=\"420\" \/><\/a><p id=\"caption-attachment-13377\" class=\"wp-caption-text\">Virgen del Rosario<\/p><\/div>\n<p>Am 5. Oktober wird das Fest der Virgen del Rosario (\u201eJungfrau des Rosenkranzes\u201c) von Minas de Riotinto (Huelva) gefeiert. Mit einer mehr als 200 Jahr alten Geschichte ist das Fest zu Ehren der Schutzpatronin des Ortes voller Traditionen und volkst\u00fcmlicher Riten. Unter dem selben Namen werden am 7. Oktober auch Feste in C\u00e1diz und in Fuengirola gefeiert.<br \/>\nWas Sie aber auf gar keinen Fall vers\u00e4umen sollten, ist der D\u00eda de la Hispanidad (\u201eTag der Hispanit\u00e4t\u201c), der am 12. dieses zehnten Monats des Jahres begangen wird. In Valencina de la Concepci\u00f3n (Sevilla) wird zu seinen Ehren die Pilgerfahrt von Torrijos gefeiert, die f\u00fcnftwichtigste in Spanien. Die Tradition besagt, dass 1600 ein Huhn ein Bild von Christus an eine S\u00e4ule gefesselt ausgegraben hat, und zusammen mit ihm eine Figur, die den Kopf des heiligen Petrus darstellt.<\/p>\n<p>&nbsp;<\/p>\n<h2>11. November: Die heiligen Verstorbenen<\/h2>\n<div id=\"attachment_13377\" style=\"width: 650px\" class=\"wp-caption alignnone\"><a href=\"https:\/\/blog.fuertehoteles.com\/wp-content\/uploads\/2015\/01\/11.jpg\"><img aria-describedby=\"caption-attachment-13377\" decoding=\"async\" class=\"size-full wp-image-13377\" src=\"https:\/\/blog.fuertehoteles.com\/wp-content\/uploads\/2015\/01\/11.jpg\" alt=\"Die heiligen Verstorbenen\" width=\"640\" height=\"420\" \/><\/a><p id=\"caption-attachment-13377\" class=\"wp-caption-text\">Die heiligen Verstorbenen<\/p><\/div>\n<p>Obwohl sich jedes Jahr das Halloween-Fest st\u00e4rker in Andalusien ausbreitet, ist der November ein Monat der Religion und der Ehrerbietung gegen\u00fcber den Verstorbenen. Wenn Sie in der Nacht vom 31. Oktober zum 1. November in den S\u00fcden Spaniens kommen, werden Sie in den Fenstern vieler H\u00e4user (vor allem in den kleinen D\u00f6rfern) die N\u00e4pfe mit Wasser und \u00d6l sehen, die mit entz\u00fcndeten Dochten den Toten leuchten sollen. Am ersten Tag des Monats gehen alle zum Friedhof, um die Grabsteine in Ordnung zu bringen und ihren verstorbenen geliebten Menschen Blumen zu bringen. Wenn Sie an diesem Tag in Andalusien sind, k\u00f6nnen Sie auch die typische Gastronomie testen und die k\u00f6stlichen S\u00fc\u00dfigkeiten der Nonnenkl\u00f6ster probieren. Eine Zeit der Sammlung, die die \u00e4ltesten Traditionen der Region enth\u00fcllt.<\/p>\n<p>&nbsp;<\/p>\n<h2>12. Dezember: Weihnachten<\/h2>\n<div id=\"attachment_13377\" style=\"width: 650px\" class=\"wp-caption alignnone\"><a href=\"https:\/\/blog.fuertehoteles.com\/wp-content\/uploads\/2015\/01\/Mantecados_Caseros_reducida.jpg\"><img aria-describedby=\"caption-attachment-13377\" decoding=\"async\" class=\"size-full wp-image-13377\" src=\"https:\/\/blog.fuertehoteles.com\/wp-content\/uploads\/2015\/01\/Mantecados_Caseros_reducida.jpg\" alt=\"Weihnachten\" width=\"640\" height=\"420\" \/><\/a><p id=\"caption-attachment-13377\" class=\"wp-caption-text\">Weihnachten<\/p><\/div>\n<p>Das Jahr in Andalusien zu beenden ist eine ideale M\u00f6glichkeit, die zw\u00f6lf Monate mit einem kr\u00f6nenden Abschluss zu versehen. Diese Region ist reich an typischen S\u00fc\u00dfigkeiten und das Buttergeb\u00e4ck von Estepa und Antequera sind die K\u00f6nige der weihnachtlichen Geb\u00e4cke aller Spanier. Sie k\u00f6nnen einen Ausflug zu diesen beiden Ortschaften im S\u00fcden Spaniens machen, um ihre Produkte zu verkosten und den unglaublichen Duft nach Mandeln im Ofen und nach Zimt mitzunehmen, der beide D\u00f6rfer durchzieht. Au\u00dferdem ist der Winter sanfter als in anderen Breitengraden, so dass Sie Sport im Freien treiben k\u00f6nnen oder, wenn Sie Schnee lieben, einige Tage in der Sierra Nevada (Granada) Skifahren gehen k\u00f6nnen.<\/p>\n<p>&nbsp;<\/p>\n<h2>WO \u00dcBERNACHTEN<\/h2>\n<p><a href=\"https:\/\/blog.fuertehoteles.com\/wp-content\/uploads\/2014\/10\/Apartamentos-Fuerte-Calaceite-Torrox-Nerja.jpg\"><img decoding=\"async\" class=\"size-full wp-image-13377\" src=\"https:\/\/blog.fuertehoteles.com\/wp-content\/uploads\/2014\/10\/Apartamentos-Fuerte-Calaceite-Torrox-Nerja.jpg\" alt=\"Fuerte Torrox\" width=\"640\" height=\"420\" \/><\/a><\/p>\n<p>Wenn Sie im Jahr 2015 nach Andalusien reisen, z\u00f6gern Sie nicht, auf \u00dcbernachtungen mit Qualit\u00e4t zu setzen. <a title=\"http:\/\/www.fuertehoteles.com\/de\/\" href=\"http:\/\/www.fuertehoteles.com\/de\/\" target=\"_blank\" rel=\"noopener noreferrer\">Fuerte Hoteles<\/a> sind die beste \u00dcbernachtungsm\u00f6glichkeit, wenn Sie den S\u00fcden von Spanien besuchen. Die Kette verf\u00fcgt \u00fcber Niederlassungen, in denen Sie neben dem Service das Beste jedes geographischen Punktes von Andalusien und seinen Traditionen genie\u00dfen k\u00f6nnen. Ihre mehr als f\u00fcnfzigj\u00e4hrige Erfahrung sind die beste Garantie. Marbella, Conil, Grazalema, El Rompido oder Torrox sind einige der Orte, an denen Sie diese unglaublichen Unterk\u00fcnfte finden k\u00f6nnen.<\/p>\n","protected":false},"excerpt":{"rendered":"<p>Wenn das neue Jahr anf\u00e4ngt, machen wir uns immer eine Liste mit den Vors\u00e4tzen, die wir in den n\u00e4chsten 365 Tagen umsetzen wollen. Mit dem Rauchen aufh\u00f6ren, Sport treiben oder Di\u00e4t halten sind drei der Dinge, die vielen von uns einfallen. Aber jenseits dieser \u201eSelbstversprechen\u201c gibt es viel unterhaltsamere Listen, die Sie ber\u00fccksichtigen sollten, vor [&hellip;]<\/p>\n","protected":false},"author":2,"featured_media":14633,"comment_status":"open","ping_status":"open","sticky":false,"template":"","format":"standard","meta":[],"categories":[49],"tags":[436,610],"acf":[],"yoast_head":"<!-- This site is optimized with the Yoast SEO plugin v21.1 - https:\/\/yoast.com\/wordpress\/plugins\/seo\/ -->\n<title>12 Monate, 12 Pl\u00e4ne Andalusien zu genie\u00dfen<\/title>\n<meta name=\"description\" content=\"Vers\u00e4umen Sie unsere 12 Monate und 12 Pl\u00e4ne in Andalusien nicht, ein Plan f\u00fcr jeden Monat, damit Sie, wann immer Sie m\u00f6chten\" \/>\n<meta name=\"robots\" content=\"index, follow, max-snippet:-1, max-image-preview:large, max-video-preview:-1\" \/>\n<link rel=\"canonical\" href=\"https:\/\/blog.fuertehoteles.com\/de\/top-ten\/monate-plane-andalusien\/\" \/>\n<meta property=\"og:locale\" content=\"de_DE\" \/>\n<meta property=\"og:type\" content=\"article\" \/>\n<meta property=\"og:title\" content=\"12 Monate, 12 Pl\u00e4ne Andalusien zu genie\u00dfen\" \/>\n<meta property=\"og:description\" content=\"Vers\u00e4umen Sie unsere 12 Monate und 12 Pl\u00e4ne in Andalusien nicht, ein Plan f\u00fcr jeden Monat, damit Sie, wann immer Sie m\u00f6chten\" \/>\n<meta property=\"og:url\" content=\"https:\/\/blog.fuertehoteles.com\/de\/top-ten\/monate-plane-andalusien\/\" \/>\n<meta property=\"og:site_name\" content=\"Blog Fuerte Hoteles\" \/>\n<meta property=\"article:publisher\" content=\"https:\/\/www.facebook.com\/HotelesFuerte\" \/>\n<meta property=\"article:author\" content=\"https:\/\/https\/\/www.facebook.com\/hotelesfuerte\" \/>\n<meta property=\"article:published_time\" content=\"2015-01-06T09:20:48+00:00\" \/>\n<meta property=\"article:modified_time\" content=\"2020-10-06T08:27:17+00:00\" \/>\n<meta property=\"og:image\" content=\"https:\/\/blog.fuertehoteles.com\/wp-content\/uploads\/2015\/01\/saca-de-yeguas-2011-41-copia.jpg\" \/>\n\t<meta property=\"og:image:width\" content=\"640\" \/>\n\t<meta property=\"og:image:height\" content=\"420\" \/>\n\t<meta property=\"og:image:type\" content=\"image\/jpeg\" \/>\n<meta name=\"author\" content=\"Fuerte Hoteles\" \/>\n<meta name=\"twitter:card\" content=\"summary_large_image\" \/>\n<meta name=\"twitter:creator\" content=\"@https:\/\/twitter.com\/fuertehoteles\" \/>\n<meta name=\"twitter:site\" content=\"@fuertehoteles\" \/>\n<meta name=\"twitter:label1\" content=\"Verfasst von\" \/>\n\t<meta name=\"twitter:data1\" content=\"Fuerte Hoteles\" \/>\n\t<meta name=\"twitter:label2\" content=\"Gesch\u00e4tzte Lesezeit\" \/>\n\t<meta name=\"twitter:data2\" content=\"11 minutes\" \/>\n<script type=\"application\/ld+json\" class=\"yoast-schema-graph\">{\"@context\":\"https:\/\/schema.org\",\"@graph\":[{\"@type\":\"Article\",\"@id\":\"https:\/\/blog.fuertehoteles.com\/de\/top-ten\/monate-plane-andalusien\/#article\",\"isPartOf\":{\"@id\":\"https:\/\/blog.fuertehoteles.com\/de\/top-ten\/monate-plane-andalusien\/\"},\"author\":{\"name\":\"Fuerte Hoteles\",\"@id\":\"https:\/\/blog.fuertehoteles.com\/de\/#\/schema\/person\/89e8682a10713e86ca04742a5194bc03\"},\"headline\":\"12 Monate, 12 Pl\u00e4ne Andalusien zu genie\u00dfen\",\"datePublished\":\"2015-01-06T09:20:48+00:00\",\"dateModified\":\"2020-10-06T08:27:17+00:00\",\"mainEntityOfPage\":{\"@id\":\"https:\/\/blog.fuertehoteles.com\/de\/top-ten\/monate-plane-andalusien\/\"},\"wordCount\":2261,\"commentCount\":0,\"publisher\":{\"@id\":\"https:\/\/blog.fuertehoteles.com\/de\/#organization\"},\"keywords\":[\"andalusien\",\"feste\"],\"articleSection\":[\"Top Ten\"],\"inLanguage\":\"de-DE\",\"potentialAction\":[{\"@type\":\"CommentAction\",\"name\":\"Comment\",\"target\":[\"https:\/\/blog.fuertehoteles.com\/de\/top-ten\/monate-plane-andalusien\/#respond\"]}]},{\"@type\":\"WebPage\",\"@id\":\"https:\/\/blog.fuertehoteles.com\/de\/top-ten\/monate-plane-andalusien\/\",\"url\":\"https:\/\/blog.fuertehoteles.com\/de\/top-ten\/monate-plane-andalusien\/\",\"name\":\"12 Monate, 12 Pl\u00e4ne Andalusien zu genie\u00dfen\",\"isPartOf\":{\"@id\":\"https:\/\/blog.fuertehoteles.com\/de\/#website\"},\"datePublished\":\"2015-01-06T09:20:48+00:00\",\"dateModified\":\"2020-10-06T08:27:17+00:00\",\"description\":\"Vers\u00e4umen Sie unsere 12 Monate und 12 Pl\u00e4ne in Andalusien nicht, ein Plan f\u00fcr jeden Monat, damit Sie, wann immer Sie m\u00f6chten\",\"breadcrumb\":{\"@id\":\"https:\/\/blog.fuertehoteles.com\/de\/top-ten\/monate-plane-andalusien\/#breadcrumb\"},\"inLanguage\":\"de-DE\",\"potentialAction\":[{\"@type\":\"ReadAction\",\"target\":[\"https:\/\/blog.fuertehoteles.com\/de\/top-ten\/monate-plane-andalusien\/\"]}]},{\"@type\":\"BreadcrumbList\",\"@id\":\"https:\/\/blog.fuertehoteles.com\/de\/top-ten\/monate-plane-andalusien\/#breadcrumb\",\"itemListElement\":[{\"@type\":\"ListItem\",\"position\":1,\"name\":\"Home\",\"item\":\"https:\/\/blog.fuertehoteles.com\/de\/\"},{\"@type\":\"ListItem\",\"position\":2,\"name\":\"12 Monate, 12 Pl\u00e4ne Andalusien zu genie\u00dfen\"}]},{\"@type\":\"WebSite\",\"@id\":\"https:\/\/blog.fuertehoteles.com\/de\/#website\",\"url\":\"https:\/\/blog.fuertehoteles.com\/de\/\",\"name\":\"Blog Fuerte Hoteles\",\"description\":\"Andalucia Travel Blog, Hotel blog\",\"publisher\":{\"@id\":\"https:\/\/blog.fuertehoteles.com\/de\/#organization\"},\"potentialAction\":[{\"@type\":\"SearchAction\",\"target\":{\"@type\":\"EntryPoint\",\"urlTemplate\":\"https:\/\/blog.fuertehoteles.com\/de\/?s={search_term_string}\"},\"query-input\":\"required name=search_term_string\"}],\"inLanguage\":\"de-DE\"},{\"@type\":\"Organization\",\"@id\":\"https:\/\/blog.fuertehoteles.com\/de\/#organization\",\"name\":\"Fuerte Group Hotels\",\"url\":\"https:\/\/blog.fuertehoteles.com\/de\/\",\"logo\":{\"@type\":\"ImageObject\",\"inLanguage\":\"de-DE\",\"@id\":\"https:\/\/blog.fuertehoteles.com\/de\/#\/schema\/logo\/image\/\",\"url\":\"https:\/\/blog.fuertehoteles.com\/wp-content\/uploads\/2019\/02\/Logo_fuertegroup_ver_Gris-03.jpg\",\"contentUrl\":\"https:\/\/blog.fuertehoteles.com\/wp-content\/uploads\/2019\/02\/Logo_fuertegroup_ver_Gris-03.jpg\",\"width\":900,\"height\":900,\"caption\":\"Fuerte Group Hotels\"},\"image\":{\"@id\":\"https:\/\/blog.fuertehoteles.com\/de\/#\/schema\/logo\/image\/\"},\"sameAs\":[\"https:\/\/www.facebook.com\/HotelesFuerte\",\"https:\/\/twitter.com\/fuertehoteles\",\"https:\/\/www.instagram.com\/fuertehoteles\/\",\"https:\/\/www.pinterest.es\/fuertehoteles\/\",\"https:\/\/www.youtube.com\/user\/fuertehoteles\"]},{\"@type\":\"Person\",\"@id\":\"https:\/\/blog.fuertehoteles.com\/de\/#\/schema\/person\/89e8682a10713e86ca04742a5194bc03\",\"name\":\"Fuerte Hoteles\",\"image\":{\"@type\":\"ImageObject\",\"inLanguage\":\"de-DE\",\"@id\":\"https:\/\/blog.fuertehoteles.com\/de\/#\/schema\/person\/image\/\",\"url\":\"https:\/\/secure.gravatar.com\/avatar\/57ad7c3f59bf1aa497cda3944ae13856?s=96&d=mm&r=g\",\"contentUrl\":\"https:\/\/secure.gravatar.com\/avatar\/57ad7c3f59bf1aa497cda3944ae13856?s=96&d=mm&r=g\",\"caption\":\"Fuerte Hoteles\"},\"description\":\"Fuerte Hotels was established over 60 years ago, growing to become one of the leaders in luxury Andalucia holidays, based on our reputation for excellent customer service.\",\"sameAs\":[\"https:\/\/https\/\/www.facebook.com\/hotelesfuerte\",\"https:\/\/www.instagram.com\/fuertehoteles\/\",\"https:\/\/www.linkedin.com\/in\/fuertehoteles\/\",\"https:\/\/www.pinterest.com\/fuertehoteles\/\",\"https:\/\/twitter.com\/https:\/\/twitter.com\/fuertehoteles\",\"https:\/\/www.youtube.com\/user\/fuertehoteles\"],\"url\":\"https:\/\/blog.fuertehoteles.com\/de\/author\/fuerte-hoteles\/\"}]}<\/script>\n<!-- \/ Yoast SEO plugin. -->","yoast_head_json":{"title":"12 Monate, 12 Pl\u00e4ne Andalusien zu genie\u00dfen","description":"Vers\u00e4umen Sie unsere 12 Monate und 12 Pl\u00e4ne in Andalusien nicht, ein Plan f\u00fcr jeden Monat, damit Sie, wann immer Sie m\u00f6chten","robots":{"index":"index","follow":"follow","max-snippet":"max-snippet:-1","max-image-preview":"max-image-preview:large","max-video-preview":"max-video-preview:-1"},"canonical":"https:\/\/blog.fuertehoteles.com\/de\/top-ten\/monate-plane-andalusien\/","og_locale":"de_DE","og_type":"article","og_title":"12 Monate, 12 Pl\u00e4ne Andalusien zu genie\u00dfen","og_description":"Vers\u00e4umen Sie unsere 12 Monate und 12 Pl\u00e4ne in Andalusien nicht, ein Plan f\u00fcr jeden Monat, damit Sie, wann immer Sie m\u00f6chten","og_url":"https:\/\/blog.fuertehoteles.com\/de\/top-ten\/monate-plane-andalusien\/","og_site_name":"Blog Fuerte Hoteles","article_publisher":"https:\/\/www.facebook.com\/HotelesFuerte","article_author":"https:\/\/https\/\/www.facebook.com\/hotelesfuerte","article_published_time":"2015-01-06T09:20:48+00:00","article_modified_time":"2020-10-06T08:27:17+00:00","og_image":[{"width":640,"height":420,"url":"https:\/\/blog.fuertehoteles.com\/wp-content\/uploads\/2015\/01\/saca-de-yeguas-2011-41-copia.jpg","type":"image\/jpeg"}],"author":"Fuerte Hoteles","twitter_card":"summary_large_image","twitter_creator":"@https:\/\/twitter.com\/fuertehoteles","twitter_site":"@fuertehoteles","twitter_misc":{"Verfasst von":"Fuerte Hoteles","Gesch\u00e4tzte Lesezeit":"11 minutes"},"schema":{"@context":"https:\/\/schema.org","@graph":[{"@type":"Article","@id":"https:\/\/blog.fuertehoteles.com\/de\/top-ten\/monate-plane-andalusien\/#article","isPartOf":{"@id":"https:\/\/blog.fuertehoteles.com\/de\/top-ten\/monate-plane-andalusien\/"},"author":{"name":"Fuerte Hoteles","@id":"https:\/\/blog.fuertehoteles.com\/de\/#\/schema\/person\/89e8682a10713e86ca04742a5194bc03"},"headline":"12 Monate, 12 Pl\u00e4ne Andalusien zu genie\u00dfen","datePublished":"2015-01-06T09:20:48+00:00","dateModified":"2020-10-06T08:27:17+00:00","mainEntityOfPage":{"@id":"https:\/\/blog.fuertehoteles.com\/de\/top-ten\/monate-plane-andalusien\/"},"wordCount":2261,"commentCount":0,"publisher":{"@id":"https:\/\/blog.fuertehoteles.com\/de\/#organization"},"keywords":["andalusien","feste"],"articleSection":["Top Ten"],"inLanguage":"de-DE","potentialAction":[{"@type":"CommentAction","name":"Comment","target":["https:\/\/blog.fuertehoteles.com\/de\/top-ten\/monate-plane-andalusien\/#respond"]}]},{"@type":"WebPage","@id":"https:\/\/blog.fuertehoteles.com\/de\/top-ten\/monate-plane-andalusien\/","url":"https:\/\/blog.fuertehoteles.com\/de\/top-ten\/monate-plane-andalusien\/","name":"12 Monate, 12 Pl\u00e4ne Andalusien zu genie\u00dfen","isPartOf":{"@id":"https:\/\/blog.fuertehoteles.com\/de\/#website"},"datePublished":"2015-01-06T09:20:48+00:00","dateModified":"2020-10-06T08:27:17+00:00","description":"Vers\u00e4umen Sie unsere 12 Monate und 12 Pl\u00e4ne in Andalusien nicht, ein Plan f\u00fcr jeden Monat, damit Sie, wann immer Sie m\u00f6chten","breadcrumb":{"@id":"https:\/\/blog.fuertehoteles.com\/de\/top-ten\/monate-plane-andalusien\/#breadcrumb"},"inLanguage":"de-DE","potentialAction":[{"@type":"ReadAction","target":["https:\/\/blog.fuertehoteles.com\/de\/top-ten\/monate-plane-andalusien\/"]}]},{"@type":"BreadcrumbList","@id":"https:\/\/blog.fuertehoteles.com\/de\/top-ten\/monate-plane-andalusien\/#breadcrumb","itemListElement":[{"@type":"ListItem","position":1,"name":"Home","item":"https:\/\/blog.fuertehoteles.com\/de\/"},{"@type":"ListItem","position":2,"name":"12 Monate, 12 Pl\u00e4ne Andalusien zu genie\u00dfen"}]},{"@type":"WebSite","@id":"https:\/\/blog.fuertehoteles.com\/de\/#website","url":"https:\/\/blog.fuertehoteles.com\/de\/","name":"Blog Fuerte Hoteles","description":"Andalucia Travel Blog, Hotel blog","publisher":{"@id":"https:\/\/blog.fuertehoteles.com\/de\/#organization"},"potentialAction":[{"@type":"SearchAction","target":{"@type":"EntryPoint","urlTemplate":"https:\/\/blog.fuertehoteles.com\/de\/?s={search_term_string}"},"query-input":"required name=search_term_string"}],"inLanguage":"de-DE"},{"@type":"Organization","@id":"https:\/\/blog.fuertehoteles.com\/de\/#organization","name":"Fuerte Group Hotels","url":"https:\/\/blog.fuertehoteles.com\/de\/","logo":{"@type":"ImageObject","inLanguage":"de-DE","@id":"https:\/\/blog.fuertehoteles.com\/de\/#\/schema\/logo\/image\/","url":"https:\/\/blog.fuertehoteles.com\/wp-content\/uploads\/2019\/02\/Logo_fuertegroup_ver_Gris-03.jpg","contentUrl":"https:\/\/blog.fuertehoteles.com\/wp-content\/uploads\/2019\/02\/Logo_fuertegroup_ver_Gris-03.jpg","width":900,"height":900,"caption":"Fuerte Group Hotels"},"image":{"@id":"https:\/\/blog.fuertehoteles.com\/de\/#\/schema\/logo\/image\/"},"sameAs":["https:\/\/www.facebook.com\/HotelesFuerte","https:\/\/twitter.com\/fuertehoteles","https:\/\/www.instagram.com\/fuertehoteles\/","https:\/\/www.pinterest.es\/fuertehoteles\/","https:\/\/www.youtube.com\/user\/fuertehoteles"]},{"@type":"Person","@id":"https:\/\/blog.fuertehoteles.com\/de\/#\/schema\/person\/89e8682a10713e86ca04742a5194bc03","name":"Fuerte Hoteles","image":{"@type":"ImageObject","inLanguage":"de-DE","@id":"https:\/\/blog.fuertehoteles.com\/de\/#\/schema\/person\/image\/","url":"https:\/\/secure.gravatar.com\/avatar\/57ad7c3f59bf1aa497cda3944ae13856?s=96&d=mm&r=g","contentUrl":"https:\/\/secure.gravatar.com\/avatar\/57ad7c3f59bf1aa497cda3944ae13856?s=96&d=mm&r=g","caption":"Fuerte Hoteles"},"description":"Fuerte Hotels was established over 60 years ago, growing to become one of the leaders in luxury Andalucia holidays, based on our reputation for excellent customer service.","sameAs":["https:\/\/https\/\/www.facebook.com\/hotelesfuerte","https:\/\/www.instagram.com\/fuertehoteles\/","https:\/\/www.linkedin.com\/in\/fuertehoteles\/","https:\/\/www.pinterest.com\/fuertehoteles\/","https:\/\/twitter.com\/https:\/\/twitter.com\/fuertehoteles","https:\/\/www.youtube.com\/user\/fuertehoteles"],"url":"https:\/\/blog.fuertehoteles.com\/de\/author\/fuerte-hoteles\/"}]}},"_links":{"self":[{"href":"https:\/\/blog.fuertehoteles.com\/de\/wp-json\/wp\/v2\/posts\/27894"}],"collection":[{"href":"https:\/\/blog.fuertehoteles.com\/de\/wp-json\/wp\/v2\/posts"}],"about":[{"href":"https:\/\/blog.fuertehoteles.com\/de\/wp-json\/wp\/v2\/types\/post"}],"author":[{"embeddable":true,"href":"https:\/\/blog.fuertehoteles.com\/de\/wp-json\/wp\/v2\/users\/2"}],"replies":[{"embeddable":true,"href":"https:\/\/blog.fuertehoteles.com\/de\/wp-json\/wp\/v2\/comments?post=27894"}],"version-history":[{"count":3,"href":"https:\/\/blog.fuertehoteles.com\/de\/wp-json\/wp\/v2\/posts\/27894\/revisions"}],"predecessor-version":[{"id":51155,"href":"https:\/\/blog.fuertehoteles.com\/de\/wp-json\/wp\/v2\/posts\/27894\/revisions\/51155"}],"wp:featuredmedia":[{"embeddable":true,"href":"https:\/\/blog.fuertehoteles.com\/de\/wp-json\/wp\/v2\/media\/14633"}],"wp:attachment":[{"href":"https:\/\/blog.fuertehoteles.com\/de\/wp-json\/wp\/v2\/media?parent=27894"}],"wp:term":[{"taxonomy":"category","embeddable":true,"href":"https:\/\/blog.fuertehoteles.com\/de\/wp-json\/wp\/v2\/categories?post=27894"},{"taxonomy":"post_tag","embeddable":true,"href":"https:\/\/blog.fuertehoteles.com\/de\/wp-json\/wp\/v2\/tags?post=27894"}],"curies":[{"name":"wp","href":"https:\/\/api.w.org\/{rel}","templated":true}]}}