{"id":28222,"date":"2021-03-16T09:00:06","date_gmt":"2021-03-16T08:00:06","guid":{"rendered":"https:\/\/blog.fuertehoteles.com\/?p=28222"},"modified":"2021-03-15T15:56:10","modified_gmt":"2021-03-15T14:56:10","slug":"schonsten-viertel-von-andalusien","status":"publish","type":"post","link":"https:\/\/blog.fuertehoteles.com\/de\/destinationen\/schonsten-viertel-von-andalusien\/","title":{"rendered":"Die Stadtteile von Andalusien bieten die Wesenheit von jedem Reiseziel."},"content":{"rendered":"<h2>Entdecke unser Netz der andalusischen Karte<\/h2>\n<p>Um die Kultur und Idiosynkrasie einer Stadt so richtig mitzuerleben, gibt es nichts Besseres als sie von Stadtviertel zu Stadtviertel kennenzulernen. Deshalb bieten wir diese sch\u00f6ne Tour an, doch ist sie nur eine von vielen, denn Andalusien ist voller malerischer Viertel, einige am Meer und andere mehr im Landesinneren, einige mit engen Gassen und andere mit H\u00e4usern mit blumengeschm\u00fcckten Balkonen\u2026 aber jedes einzelne mit seinem ganz besonderen Charme.<\/p>\n<p>Z\u00f6gern Sie nicht, diese Enklaven besser kennenzulernen und Ihren Urlaub auf hautnahe und besondere Art und Weise zu erleben. Begleiten Sie mit auf der Reise durch die Stadtteile von Andalusien?<\/p>\n<p>&nbsp;<\/p>\n<h2>Die Stadtteile von Andalusien<\/h2>\n<p>&nbsp;<\/p>\n<h2>1. Viertel der\u00a0 Vi\u00f1a in C\u00e1diz<\/h2>\n<div id=\"attachment_43378\" style=\"width: 650px\" class=\"wp-caption alignnone\"><img aria-describedby=\"caption-attachment-43378\" decoding=\"async\" class=\"size-full wp-image-43378\" src=\"https:\/\/blog.fuertehoteles.com\/wp-content\/uploads\/2018\/01\/barro-la-vina-cadiz.jpg\" alt=\"La Vi\u00f1a, C\u00e1diz - Cr\u00e9dito editorial: joserpizarro \/ Shutterstock.com\" width=\"640\" height=\"420\" srcset=\"https:\/\/blog.fuertehoteles.com\/wp-content\/uploads\/2018\/01\/barro-la-vina-cadiz.jpg 640w, https:\/\/blog.fuertehoteles.com\/wp-content\/uploads\/2018\/01\/barro-la-vina-cadiz-300x197.jpg 300w, https:\/\/blog.fuertehoteles.com\/wp-content\/uploads\/2018\/01\/barro-la-vina-cadiz-600x394.jpg 600w, https:\/\/blog.fuertehoteles.com\/wp-content\/uploads\/2018\/01\/barro-la-vina-cadiz-450x295.jpg 450w\" sizes=\"(max-width: 640px) 100vw, 640px\" \/><p id=\"caption-attachment-43378\" class=\"wp-caption-text\">La Vi\u00f1a, C\u00e1diz &#8211; Cr\u00e9dito editorial: joserpizarro \/ Shutterstock.com<\/p><\/div>\n<p>Die Stadt <b>C\u00e1diz<\/b> reflektiert ein marines Ambiente, wozu das Hauptwesen der typischen Fischerecken beitr\u00e4gt. Wenn du die Hauptstadt dieser Provinz besuchst, musst du den Zauber aus erster Hand erleben, den <b>das Viertel der Vi\u00f1a<\/b> bietet. Ihre Stra\u00dfen f\u00fcllen sich mit Freude und ihre Geb\u00e4ude aus dem 18. Jahrhundert und ihre wundersch\u00f6nen Pl\u00e4tze und Kirchen machen sie einzigartig. Hier startet jedes Jahr das gro\u00dfe Fest von C\u00e1diz: <b>der Karneval<\/b>. Dieses Viertel, das in der <b>Calle La Palma<\/b> beginnt und am <b>Strand der Caleta<\/b> aufh\u00f6rt, ist ein absoluter Wallfahrtsort f\u00fcr die, die die besten Meeresfr\u00fcchte und Fische der Stadt suchen. Viele typische nationale Folklore-Lieder vergleichen es mit La Havanna in Kuba, da es ein karibisches Halo aufweist, der in jeder Ecke wahr zu nehmen ist.<\/p>\n<p><a href=\"http:\/\/goo.gl\/maps\/g52Kz2SPXVz\" target=\"_blank\" rel=\"noopener noreferrer\"><strong>Google Maps<\/strong><\/a><\/p>\n<p>&nbsp;<\/p>\n<h2>2. Viertel der \u00a0Santana in Mijas<\/h2>\n<div id=\"attachment_52407\" style=\"width: 650px\" class=\"wp-caption alignnone\"><img aria-describedby=\"caption-attachment-52407\" decoding=\"async\" class=\"size-full wp-image-52407\" src=\"https:\/\/blog.fuertehoteles.com\/wp-content\/uploads\/2019\/02\/barrio-santana-mijas.jpg\" alt=\"Barrio de Santana en Mijas\" width=\"640\" height=\"420\" srcset=\"https:\/\/blog.fuertehoteles.com\/wp-content\/uploads\/2019\/02\/barrio-santana-mijas.jpg 640w, https:\/\/blog.fuertehoteles.com\/wp-content\/uploads\/2019\/02\/barrio-santana-mijas-300x197.jpg 300w, https:\/\/blog.fuertehoteles.com\/wp-content\/uploads\/2019\/02\/barrio-santana-mijas-600x394.jpg 600w, https:\/\/blog.fuertehoteles.com\/wp-content\/uploads\/2019\/02\/barrio-santana-mijas-450x295.jpg 450w\" sizes=\"(max-width: 640px) 100vw, 640px\" \/><p id=\"caption-attachment-52407\" class=\"wp-caption-text\">Barrio de Santana en Mijas<\/p><\/div>\n<p><b>Mijas <\/b>ist eines der h\u00fcbschesten D\u00f6rfer der Provinz von M\u00e1laga, das sich haupts\u00e4chlich durch seine schmalen G\u00e4sschen mit wei\u00dfen H\u00e4usern charakterisiert, wo die dummen Taxis umher fahren. Es ist <b>im Viertel der Santana<\/b>, wo du in dieser Stadt an der Costa del Sol das Wesen des Dorfes finden kannst. Die Blument\u00f6pfe schm\u00fccken die Fassaden und alle Nachbarn kennen sich und leben wie eine gro\u00dfe Familie zusammen. Von hier kannst du das purste Wesen Andalusiens genie\u00dfen und dich setzen, um eine Erfrischung und eine Tapa in einem der traditionellen Etablissements, die es bietet, zu dir zu nehmen. Alles ein Luxus, um ihn in der Erinnerung ab zu speichern und ihn als Momentaufnahme unsterblich werden zu lassen..<\/p>\n<p><a href=\"http:\/\/goo.gl\/maps\/AnbRxuaTDBv\" target=\"_blank\" rel=\"noopener noreferrer\"><strong>Google Maps<\/strong><\/a><\/p>\n<p>&nbsp;<\/p>\n<h2>3. D\u00fcnenstadtviertel von Artola in Marbella<\/h2>\n<div id=\"attachment_11842\" style=\"width: 650px\" class=\"wp-caption alignnone\"><img aria-describedby=\"caption-attachment-11842\" decoding=\"async\" class=\"wp-image-11842 size-full\" src=\"https:\/\/blog.fuertehoteles.com\/wp-content\/uploads\/2014\/07\/cabopino.jpg\" alt=\"Dunas de Artola - Marbella\" width=\"640\" height=\"420\" srcset=\"https:\/\/blog.fuertehoteles.com\/wp-content\/uploads\/2014\/07\/cabopino.jpg 640w, https:\/\/blog.fuertehoteles.com\/wp-content\/uploads\/2014\/07\/cabopino-300x196.jpg 300w, https:\/\/blog.fuertehoteles.com\/wp-content\/uploads\/2014\/07\/cabopino-450x295.jpg 450w\" sizes=\"(max-width: 640px) 100vw, 640px\" \/><p id=\"caption-attachment-11842\" class=\"wp-caption-text\">Dunas de Artola &#8211; Marbella<\/p><\/div>\n<p><b>Das D\u00fcnenstadtviertel von Artola in Marbella <\/b>ist eins der Sch\u00f6nsten der Costa del Sol. Es befindet sich neben der <b>D\u00fcnengegend<\/b>, die den gleichen Namen tr\u00e4gt und ein reduziertes Beispiel dessen bieten, was dieser Teil der mediterranen andalusischen K\u00fcste einmal war. Marbella ist eine Stadt, die einen breiten F\u00e4cher an verschiedenen Landschaften bieten und in diesem Teil kannst du das Mittelmeer von einem Gebilde aus fossilen und beweglichen D\u00fcnen sehen, die eine einzigartige nat\u00fcrliche Enklave bilden. Die D\u00fcnen beherbergen ein milit\u00e4risches und defensives Architekturelement r\u00f6mischer Herkunft, den <b>Torre Ladrones <\/b>(R\u00e4uberturm), der zu <b>gesch\u00fctztem Kulturgut <\/b>erkl\u00e4rt wurde. Au\u00dferdem befindet sich in unmittelbarer N\u00e4he <b>der Hafen von Cabopino<\/b> und der FKK-Strand mit dem gleichen Namen.<\/p>\n<p><a href=\"http:\/\/goo.gl\/maps\/f9SjhdCyfPF2\" target=\"_blank\" rel=\"noopener noreferrer\"><strong>Google Maps<\/strong><\/a><\/p>\n<p>&nbsp;<\/p>\n<h2>4. Moriscoviertel von Frigiliana<\/h2>\n<div id=\"attachment_43379\" style=\"width: 650px\" class=\"wp-caption alignnone\"><img aria-describedby=\"caption-attachment-43379\" decoding=\"async\" class=\"size-full wp-image-43379\" src=\"https:\/\/blog.fuertehoteles.com\/wp-content\/uploads\/2018\/01\/frigiliana.jpg\" alt=\"Casco antiguo de Frigiliana\" width=\"640\" height=\"420\" srcset=\"https:\/\/blog.fuertehoteles.com\/wp-content\/uploads\/2018\/01\/frigiliana.jpg 640w, https:\/\/blog.fuertehoteles.com\/wp-content\/uploads\/2018\/01\/frigiliana-300x197.jpg 300w, https:\/\/blog.fuertehoteles.com\/wp-content\/uploads\/2018\/01\/frigiliana-600x394.jpg 600w, https:\/\/blog.fuertehoteles.com\/wp-content\/uploads\/2018\/01\/frigiliana-450x295.jpg 450w\" sizes=\"(max-width: 640px) 100vw, 640px\" \/><p id=\"caption-attachment-43379\" class=\"wp-caption-text\">Casco antiguo de Frigiliana<\/p><\/div>\n<p><b>Frigiliana <\/b>ist eines der bezauberndsten D\u00f6rfer des S\u00fcdens von Spanien. Wiege von drei Kulturen: <b>die Ph\u00f6nizische, die R\u00f6mische und die Arabische<\/b>, erh\u00e4lt den Charme des historischen andalusischen Wurzeln. Es ist genau im Moriscoviertel, wo wir immer noch den Halo entdecken k\u00f6nnen, der den Weg nach <b>Al \u00c1ndalus<\/b> hinter sich gelassen hat. Schmale mit wei\u00dfen von der Vegetation bedeckten H\u00e4usern best\u00fcckte Kopfsteinpflaster-G\u00e4sschen sind die Hauptpr\u00e4gung dieser Ecke von M\u00e1laga. Die Wohnh\u00e4user befinden sich an einem Hang und daher kannst du zahlreiche Treppen finden, die einen Ort mit dem anderen verbinden. Wenn du ein besonderes Viertel erleben m\u00f6chtest, zweifle nicht daran nach Frigiliana zu gehen und das arabische Wesen zu sp\u00fcren, das immer noch in der Architektur ruht.<\/p>\n<p><a href=\"http:\/\/goo.gl\/maps\/UjMNQyCkaGU2\" target=\"_blank\" rel=\"noopener noreferrer\"><strong>Google Maps<\/strong><\/a><\/p>\n<p>&nbsp;<\/p>\n<h2>5.\u00a0Viertel von Albaic\u00edn von Granada<\/h2>\n<div id=\"attachment_52408\" style=\"width: 650px\" class=\"wp-caption alignnone\"><img aria-describedby=\"caption-attachment-52408\" decoding=\"async\" class=\"size-full wp-image-52408\" src=\"https:\/\/blog.fuertehoteles.com\/wp-content\/uploads\/2019\/02\/albaicin-granada.jpg\" alt=\"Albaicin Granada\" width=\"640\" height=\"420\" srcset=\"https:\/\/blog.fuertehoteles.com\/wp-content\/uploads\/2019\/02\/albaicin-granada.jpg 640w, https:\/\/blog.fuertehoteles.com\/wp-content\/uploads\/2019\/02\/albaicin-granada-300x197.jpg 300w, https:\/\/blog.fuertehoteles.com\/wp-content\/uploads\/2019\/02\/albaicin-granada-600x394.jpg 600w, https:\/\/blog.fuertehoteles.com\/wp-content\/uploads\/2019\/02\/albaicin-granada-450x295.jpg 450w\" sizes=\"(max-width: 640px) 100vw, 640px\" \/><p id=\"caption-attachment-52408\" class=\"wp-caption-text\">Albaicin Granada<\/p><\/div>\n<p>Dieses Viertel von Granada wird als <b>Weltkulturerbe<\/b> angesehen. Seine schmalen G\u00e4sschen lassen seine maurischen Wurzeln erahnen und seine C\u00e1rmenes (typische H\u00e4user des Ortes) konservieren das Wesen der arabischen Architektur. Die G\u00e4rten sind ein weiteres maurisches Erbe <b>vom Albaic\u00edn<\/b>, wo sich vom <b>Aussichtspunkt von San Nicol\u00e1s <\/b>die besten Ausblicke aus die <b>Alhambra<\/b> bieten. Ein Privileg, das du dir nicht entgehen lassen darfst, wenn du den S\u00fcden Spaniens besuchst und wo du au\u00dferdem eine Erfrischung beim Klang der spanischen Gitarre der Stra\u00dfenk\u00fcnstler genie\u00dfen kannst, die sich jeden Nachmittag an diesem Ort einfinden, um die Touristen mit dem lebendigsten Flamenco zu erfreuen.<\/p>\n<p><a href=\"http:\/\/goo.gl\/maps\/cS8FfeGopmm\" target=\"_blank\" rel=\"noopener noreferrer\"><strong>Google Maps<\/strong><\/a><\/p>\n<p>&nbsp;<\/p>\n<h2>6. Viertel von San Francisco von Ronda<\/h2>\n<div id=\"attachment_46830\" style=\"width: 650px\" class=\"wp-caption alignnone\"><img aria-describedby=\"caption-attachment-46830\" decoding=\"async\" class=\"wp-image-46830 size-full\" src=\"https:\/\/blog.fuertehoteles.com\/wp-content\/uploads\/2018\/10\/ronda-aerial-view.jpg\" alt=\"Ronda, M\u00e1laga\" width=\"640\" height=\"420\" srcset=\"https:\/\/blog.fuertehoteles.com\/wp-content\/uploads\/2018\/10\/ronda-aerial-view.jpg 640w, https:\/\/blog.fuertehoteles.com\/wp-content\/uploads\/2018\/10\/ronda-aerial-view-300x197.jpg 300w, https:\/\/blog.fuertehoteles.com\/wp-content\/uploads\/2018\/10\/ronda-aerial-view-600x394.jpg 600w, https:\/\/blog.fuertehoteles.com\/wp-content\/uploads\/2018\/10\/ronda-aerial-view-450x295.jpg 450w\" sizes=\"(max-width: 640px) 100vw, 640px\" \/><p id=\"caption-attachment-46830\" class=\"wp-caption-text\">Ronda<\/p><\/div>\n<p><b>Ronda <\/b>ist eine Ortschaft der Traditionsmischung mit einer spektakul\u00e4ren Landschaft, die sie mit einer eigenen Identit\u00e4t best\u00fcckt, wie es <b>der Tajo<\/b> ist, eine enorme Schlucht \u00fcber der sich die Stadt\u00a0 nieder l\u00e4sst. Wenn du diesen Ort besuchst, zweifle nicht daran das <b>Viertel von San Francisco<\/b> auf zu suchen, dessen Name vom alten Franziskanerkloster kommt, von dem nur die Kirche im maurisch gotischen Stil erhalten ist. Vorbei am <b>Abhang der Bilder<\/b> befindet sich dieses Viertel, von wo aus man die <b>Pforte von Almoc\u00e1bar und die arabische Mauer<\/b> beobachten kann, die Ronda umgab und bis zu der Br\u00fccke reicht an deren Fu\u00df die arabischen B\u00e4der hervorstechen, einige der am besten erhaltenen von Spanien. Ein pers\u00f6nlich zu entdeckender Genuss; das Bodenst\u00e4ndigste der andalusischen Kultur und das Genie\u00dfen der herrlichen Ausblicke, die die Stadt bietet.<\/p>\n<p><a style=\"font-size: 16px;\" href=\"https:\/\/goo.gl\/maps\/CqwCPnzm5RP9Tjcj7\" target=\"_blank\" rel=\"noopener noreferrer\"><strong>Google Maps<\/strong><\/a><\/p>\n<p>&nbsp;<\/p>\n<h2>7.\u00a0Viertel von El Palo in M\u00e1laga<\/h2>\n<div id=\"attachment_52414\" style=\"width: 650px\" class=\"wp-caption alignnone\"><img aria-describedby=\"caption-attachment-52414\" decoding=\"async\" class=\"size-full wp-image-52414\" src=\"https:\/\/blog.fuertehoteles.com\/wp-content\/uploads\/2019\/02\/el-palo-malaga.jpg\" alt=\"El Palo en M\u00e1laga - Cr\u00e9dito editorial: nito \/ Shutterstock.com\" width=\"640\" height=\"420\" srcset=\"https:\/\/blog.fuertehoteles.com\/wp-content\/uploads\/2019\/02\/el-palo-malaga.jpg 640w, https:\/\/blog.fuertehoteles.com\/wp-content\/uploads\/2019\/02\/el-palo-malaga-300x197.jpg 300w, https:\/\/blog.fuertehoteles.com\/wp-content\/uploads\/2019\/02\/el-palo-malaga-600x394.jpg 600w, https:\/\/blog.fuertehoteles.com\/wp-content\/uploads\/2019\/02\/el-palo-malaga-450x295.jpg 450w\" sizes=\"(max-width: 640px) 100vw, 640px\" \/><p id=\"caption-attachment-52414\" class=\"wp-caption-text\">El Palo en M\u00e1laga &#8211; Cr\u00e9dito editorial: nito \/ Shutterstock.com<\/p><\/div>\n<p>Im <b>\u00f6stlichen Gebiet von M\u00e1laga <\/b>befindet sich eines der urigsten Viertel, <b>El Palo<\/b>. Maritimen Ursprungs kannst du hier einen der besten frittierten Fische der Provinz kosten. Die kleinen Holzschiffe schm\u00fccken seinen Strand und es konserviert sein d\u00f6rfliches Wesen dadurch, dass es Jahrzehnte lang von der urbanen Entwicklung, die vom Zentrum von M\u00e1laga ausging, abgeschnitten war. Hier kannst du die kultigsten Ecken der Provinz finden, die <b>B\u00e4der der Carmen<\/b>, wo du zu F\u00fc\u00dfen des Mittelmeers eine Erfrischung zu dir nehmen kannst, w\u00e4hrend du die Abendstunden der Hauptstadt M\u00e1laga von weitem beobachtest.<\/p>\n<p><a href=\"http:\/\/goo.gl\/maps\/doT2JUAzsJ12\" target=\"_blank\" rel=\"noopener noreferrer\"><strong>Google Maps<\/strong><\/a><\/p>\n<p>&nbsp;<\/p>\n<h2>8. Viertel Alto Marbella<\/h2>\n<div id=\"attachment_43381\" style=\"width: 645px\" class=\"wp-caption alignnone\"><img aria-describedby=\"caption-attachment-43381\" decoding=\"async\" class=\"size-full wp-image-43381\" src=\"https:\/\/blog.fuertehoteles.com\/wp-content\/uploads\/2018\/01\/barrio-alto-marbella.jpg\" alt=\"Barrio Alto, Marbella. Cr\u00e9dito editorial: monysasu \/ Shutterstock.com\" width=\"635\" height=\"420\" srcset=\"https:\/\/blog.fuertehoteles.com\/wp-content\/uploads\/2018\/01\/barrio-alto-marbella.jpg 635w, https:\/\/blog.fuertehoteles.com\/wp-content\/uploads\/2018\/01\/barrio-alto-marbella-300x198.jpg 300w, https:\/\/blog.fuertehoteles.com\/wp-content\/uploads\/2018\/01\/barrio-alto-marbella-600x397.jpg 600w, https:\/\/blog.fuertehoteles.com\/wp-content\/uploads\/2018\/01\/barrio-alto-marbella-450x298.jpg 450w\" sizes=\"(max-width: 635px) 100vw, 635px\" \/><p id=\"caption-attachment-43381\" class=\"wp-caption-text\">Barrio Alto, Marbella. Cr\u00e9dito editorial: monysasu \/ Shutterstock.com<\/p><\/div>\n<p><b>Marbella <\/b>bietet eine hohes Viertel, das auch <b>San Francisco <\/b>genannt wird, da sich dort ein altes, bereits verschwundenes, Franziskanerkloster befand. <b>Die Wallfahrtskapelle von Santo Cristo de la Vera Cruz<\/b> ist das repr\u00e4sentativste Symbol dieses Ortes und unumg\u00e4nglich, wenn du dich daf\u00fcr entscheidest dieses Viertel von Marbella zu besuchen. Es handelt sich um einer der \u00e4ltesten Gebiete der Stadt, das voll von Geschichte ist, die direkter Zeuge der Reconquista und des Jahrhunderte sp\u00e4teren Unabh\u00e4ngigkeitskrieges ist. Marbella hat wundersch\u00f6ne Ecken, denn ihre Viertel zu besuchen und kennen zu lernen bedeutet die Geschichte seiner Leute und seine Gastronomie, die haupts\u00e4chlich auf Fisch basiert, kennen zu lernen.<\/p>\n<p><a href=\"https:\/\/goo.gl\/maps\/GHh54usPQjH1ZjgAA\" target=\"_blank\" rel=\"noopener noreferrer\"><strong>Google Maps<\/strong><\/a><\/p>\n<p>&nbsp;<\/p>\n<h2>9.\u00a0Viertel Reina Victoria von Huelva<\/h2>\n<div id=\"attachment_52415\" style=\"width: 650px\" class=\"wp-caption alignnone\"><img aria-describedby=\"caption-attachment-52415\" decoding=\"async\" class=\"size-full wp-image-52415\" src=\"https:\/\/blog.fuertehoteles.com\/wp-content\/uploads\/2019\/02\/reina-victoria-huelva.jpg\" alt=\"Barrio Reina Victoria - Huelva\" width=\"640\" height=\"420\" srcset=\"https:\/\/blog.fuertehoteles.com\/wp-content\/uploads\/2019\/02\/reina-victoria-huelva.jpg 640w, https:\/\/blog.fuertehoteles.com\/wp-content\/uploads\/2019\/02\/reina-victoria-huelva-300x197.jpg 300w, https:\/\/blog.fuertehoteles.com\/wp-content\/uploads\/2019\/02\/reina-victoria-huelva-600x394.jpg 600w, https:\/\/blog.fuertehoteles.com\/wp-content\/uploads\/2019\/02\/reina-victoria-huelva-450x295.jpg 450w\" sizes=\"(max-width: 640px) 100vw, 640px\" \/><p id=\"caption-attachment-52415\" class=\"wp-caption-text\">Barrio Reina Victoria &#8211; Huelva<\/p><\/div>\n<p><b>Das Viertel Reina Victora <\/b>ist eine Gruppe von Wohnh\u00e4usern in der Stadt von <b>Huelva<\/b>, die 1916 gebaut wurden. Es befindet sich in der N\u00e4he des Zentrums auf einer kleinen Erh\u00f6hung genannt <b>Cerro de San Crist\u00f3bal<\/b>, es handelt sich um eine Vereinigung von Einfamilienh\u00e4usern denen das Bauunternehmen den Namen in Ehren an <b>die K\u00f6nigin Viktoria I des Vereinigten K\u00f6nigreichs<\/b> gegeben hat. Obwohl sein Stil sich traditionellerweise als englisch bezeichnen l\u00e4sst, mischen sich hier die andalusischen und die koloniale Architektur, was als Ergebnis eine Einheit liefert, die an deutsche, \u00f6sterreichische und holl\u00e4ndische Bauten erinnert. Dieses merkw\u00fcrdige Viertel von Huelva ist zum <b>gesch\u00fctzten Kulturgut<\/b> ernannt und bietet einen anderen Blick auf die Stadt.<\/p>\n<p><a href=\"http:\/\/goo.gl\/maps\/gb3WUCXZWko\" target=\"_blank\" rel=\"noopener noreferrer\"><strong>Google Maps<\/strong><\/a><\/p>\n<p>&nbsp;<\/p>\n<h2>10. El Mentidero von C\u00e1diz<\/h2>\n<div id=\"attachment_52424\" style=\"width: 650px\" class=\"wp-caption alignnone\"><img aria-describedby=\"caption-attachment-52424\" decoding=\"async\" class=\"wp-image-52424 size-full\" src=\"https:\/\/blog.fuertehoteles.com\/wp-content\/uploads\/2019\/02\/cadiz-aerial-night-2.jpg\" alt=\"El Mentidero von C\u00e1diz\" width=\"640\" height=\"420\" srcset=\"https:\/\/blog.fuertehoteles.com\/wp-content\/uploads\/2019\/02\/cadiz-aerial-night-2.jpg 640w, https:\/\/blog.fuertehoteles.com\/wp-content\/uploads\/2019\/02\/cadiz-aerial-night-2-300x197.jpg 300w, https:\/\/blog.fuertehoteles.com\/wp-content\/uploads\/2019\/02\/cadiz-aerial-night-2-600x394.jpg 600w, https:\/\/blog.fuertehoteles.com\/wp-content\/uploads\/2019\/02\/cadiz-aerial-night-2-450x295.jpg 450w\" sizes=\"(max-width: 640px) 100vw, 640px\" \/><p id=\"caption-attachment-52424\" class=\"wp-caption-text\">El Mentidero von C\u00e1diz<\/p><\/div>\n<p><b>Das Viertel vom Mentidero <\/b>ist mit wundersch\u00f6nen Pl\u00e4tzen und begr\u00fcnten Gebieten, die ideal sind f\u00fcr einen ruhigen Spaziegang, eines der typischsten der Stadt. Das Zentrum des Ortes ist der <b>Plaza del Mentidero<\/b>, der ideal ist, um den Nachmittag dort zu verbringen oder eine seiner Terrassen zu genie\u00dfen. Sehr nahe beim Platz wirst du den herrlichen <b>Parque Genov\u00e9s<\/b> mit zahlreichen Arten der Flora von verschiedenen Orten der Welt finden, der als Terrasse \u00fcber dem Meer ausgelegt ist und der Aufmerksamkeit erregt wegen den sonderbaren Formen in die B\u00e4ume geschnitten sind. Wenn du mit deinen Kindern reist, ist dieses Viertel das empfehlenswerteste, denn es bietet einen Spielbereich f\u00fcr diese und einen Wasserfall \u00a0auf den man klettern kann, um den sch\u00f6nen Ausblick auf die Bucht zu genie\u00dfen.<\/p>\n<p><a href=\"http:\/\/goo.gl\/maps\/wWCFDAZrvr52\" target=\"_blank\" rel=\"noopener noreferrer\"><strong>Google Maps<\/strong><\/a><\/p>\n<p>&nbsp;<\/p>\n<h2>11. Barrio Santa Cruz de Sevilla<\/h2>\n<div id=\"attachment_49173\" style=\"width: 650px\" class=\"wp-caption alignnone\"><img aria-describedby=\"caption-attachment-49173\" decoding=\"async\" class=\"size-full wp-image-49173\" src=\"https:\/\/blog.fuertehoteles.com\/wp-content\/uploads\/2015\/04\/barrio-santa-cruz-sevilla.jpg\" alt=\"Barrio de Santa Cruz\" width=\"640\" height=\"420\" srcset=\"https:\/\/blog.fuertehoteles.com\/wp-content\/uploads\/2015\/04\/barrio-santa-cruz-sevilla.jpg 640w, https:\/\/blog.fuertehoteles.com\/wp-content\/uploads\/2015\/04\/barrio-santa-cruz-sevilla-300x197.jpg 300w, https:\/\/blog.fuertehoteles.com\/wp-content\/uploads\/2015\/04\/barrio-santa-cruz-sevilla-600x394.jpg 600w, https:\/\/blog.fuertehoteles.com\/wp-content\/uploads\/2015\/04\/barrio-santa-cruz-sevilla-450x295.jpg 450w\" sizes=\"(max-width: 640px) 100vw, 640px\" \/><p id=\"caption-attachment-49173\" class=\"wp-caption-text\">Barrio de Santa Cruz<\/p><\/div>\n<p>Dieses Viertel ist eines der urw\u00fcchsigsten der andalusischen Hauptstadt selbst. Wenn Sie die Essenz der authentischsten Sevilla mit ihren verwinkelten Gassen und H\u00f6fen voller Blumen genie\u00dfen wollen, ist dieser Ort ein Muss. Eines der Dinge, die au\u00dferordentlich charakteristisch f\u00fcr diese Gegend sind, ist seine j\u00fcdische Identit\u00e4t, denn Sevilla wurde w\u00e4hrend des K\u00f6nigreiches von Ferdinand III als die zweitwichtigste j\u00fcdische Gemeinde in Spanien errichtet, und diese Tatsache verwandelte sich in das wundersch\u00f6ne Stadtviertel von Santa Cruz.<\/p>\n<p><a href=\"http:\/\/goo.gl\/maps\/BoiyWWg7Bhn\" target=\"_blank\" rel=\"noopener noreferrer\"><strong>Google Maps<\/strong><\/a><\/p>\n<p>&nbsp;<\/p>\n<h2>12. Barrio de la Carihuela, Torremolinos<\/h2>\n<div id=\"attachment_52425\" style=\"width: 650px\" class=\"wp-caption alignnone\"><img aria-describedby=\"caption-attachment-52425\" decoding=\"async\" class=\"wp-image-52425 size-full\" src=\"https:\/\/blog.fuertehoteles.com\/wp-content\/uploads\/2019\/02\/carihuela-torremolinos.jpg\" alt=\"La Carihuela, Torremolinos - Cr\u00e9dito editorial: Andrei Nekrassov \/ Shutterstock.com\" width=\"640\" height=\"420\" srcset=\"https:\/\/blog.fuertehoteles.com\/wp-content\/uploads\/2019\/02\/carihuela-torremolinos.jpg 640w, https:\/\/blog.fuertehoteles.com\/wp-content\/uploads\/2019\/02\/carihuela-torremolinos-300x197.jpg 300w, https:\/\/blog.fuertehoteles.com\/wp-content\/uploads\/2019\/02\/carihuela-torremolinos-600x394.jpg 600w, https:\/\/blog.fuertehoteles.com\/wp-content\/uploads\/2019\/02\/carihuela-torremolinos-450x295.jpg 450w\" sizes=\"(max-width: 640px) 100vw, 640px\" \/><p id=\"caption-attachment-52425\" class=\"wp-caption-text\">La Carihuela, Torremolinos &#8211; Cr\u00e9dito editorial: Andrei Nekrassov \/ Shutterstock.com<\/p><\/div>\n<p>Das Barrio de la Carihuela befindet sich am Fu\u00dfe eines der sch\u00f6nsten Str\u00e4nde in M\u00e1laga, dem Strand von Carihuela. Seine Urspr\u00fcnge liegen in der Fischerei, wie die vieler K\u00fcstenviertel in M\u00e1laga. Sollten Sie diesen Ort besuchen, m\u00fcssen Sie unbedingt einen Spaziergang auf seiner Promenade machen mit einigen Pausen zwischendurch, um sich an der Sch\u00f6nheit der Kirche Nuestra Se\u00f1ora del Carmen oder des Fischer-Denkmals an der Plaza de El Remo zu erg\u00f6tzen.<\/p>\n<p><a href=\"http:\/\/goo.gl\/maps\/ZAxovsMaE4H2\" target=\"_blank\" rel=\"noopener noreferrer\"><strong>Google Maps<\/strong><\/a><\/p>\n<p>&nbsp;<\/p>\n<h2>13. Barrio de El Calvario, Torremolinos<\/h2>\n<div id=\"attachment_52430\" style=\"width: 650px\" class=\"wp-caption alignnone\"><img aria-describedby=\"caption-attachment-52430\" decoding=\"async\" class=\"size-full wp-image-52430\" src=\"https:\/\/blog.fuertehoteles.com\/wp-content\/uploads\/2019\/02\/el-calvario-torremolinos.jpg\" alt=\"Barrio de El Calvario, Torremolinos\" width=\"640\" height=\"420\" srcset=\"https:\/\/blog.fuertehoteles.com\/wp-content\/uploads\/2019\/02\/el-calvario-torremolinos.jpg 640w, https:\/\/blog.fuertehoteles.com\/wp-content\/uploads\/2019\/02\/el-calvario-torremolinos-300x197.jpg 300w, https:\/\/blog.fuertehoteles.com\/wp-content\/uploads\/2019\/02\/el-calvario-torremolinos-600x394.jpg 600w, https:\/\/blog.fuertehoteles.com\/wp-content\/uploads\/2019\/02\/el-calvario-torremolinos-450x295.jpg 450w\" sizes=\"(max-width: 640px) 100vw, 640px\" \/><p id=\"caption-attachment-52430\" class=\"wp-caption-text\">Barrio de El Calvario, Torremolinos<\/p><\/div>\n<p>Dieses Viertel ist eines der charakteristischsten von Torremolinos, da es ein traditionelles Ambiente beibeh\u00e4lt, typisch f\u00fcr ein andalusisches Dorf. Im Calvario finden Sie noch die wei\u00df get\u00fcnchten H\u00e4user, alle mit unz\u00e4hlig vielen Blumen dekoriert.<\/p>\n<p>Diese Gegend wurde fr\u00fcher das Viertel von Cant\u00f3 genannt, aber entsprechend der Tradition der Beh\u00f6rden nach dem B\u00fcrgerkrieg wurde sie auf El Calvario umbenannt, da es sich auf einer Anh\u00f6he befindet.<\/p>\n<p><strong><a href=\"http:\/\/goo.gl\/maps\/H3NCmsnvBTT2\" target=\"_blank\" rel=\"noopener noreferrer\">Google Maps<\/a><\/strong><\/p>\n<p>&nbsp;<\/p>\n<h2>14. Villa Vieja de Algeciras<\/h2>\n<div id=\"attachment_52450\" style=\"width: 650px\" class=\"wp-caption alignnone\"><img aria-describedby=\"caption-attachment-52450\" decoding=\"async\" class=\"size-full wp-image-52450\" src=\"https:\/\/blog.fuertehoteles.com\/wp-content\/uploads\/2019\/02\/villa-vieja-algeciras.jpg\" alt=\"Paseo del R\u00edo de la Miel Algeciras\" width=\"640\" height=\"420\" srcset=\"https:\/\/blog.fuertehoteles.com\/wp-content\/uploads\/2019\/02\/villa-vieja-algeciras.jpg 640w, https:\/\/blog.fuertehoteles.com\/wp-content\/uploads\/2019\/02\/villa-vieja-algeciras-300x197.jpg 300w, https:\/\/blog.fuertehoteles.com\/wp-content\/uploads\/2019\/02\/villa-vieja-algeciras-600x394.jpg 600w, https:\/\/blog.fuertehoteles.com\/wp-content\/uploads\/2019\/02\/villa-vieja-algeciras-450x295.jpg 450w\" sizes=\"(max-width: 640px) 100vw, 640px\" \/><p id=\"caption-attachment-52450\" class=\"wp-caption-text\">Paseo del R\u00edo de la Miel Algeciras<\/p><\/div>\n<p>Villa Vieja ist eines der Viertel, die Algeciras durchschneiden, und gleichzeitig auch eines der \u00e4ltesten, denn seine erste Nennung ist schon w\u00e4hrend der Besetzung der Stadt im achtzehnten Jahrhundert zu finden.<\/p>\n<p>Dieses Viertel befindet sich auf einem Plateau s\u00fcdlich des R\u00edo de la Miel (<em>Honigfluss<\/em>) und wird durch den Paseo del R\u00edo de la Miel im Norden, die Hannibal Stra\u00dfe im Wesen und den Paseo de la Conferencia im S\u00fcden und Osten abgegrenzt.<\/p>\n<p>Eine der Attraktionen, die Sie sich beim Besuch nicht verlieren d\u00fcrfen, ist die P\u00f6kelfabrik, da sie die vollst\u00e4ndigste aller der auf der Iberischen Halbinsel entdeckten ist.<\/p>\n<p><strong><a href=\"http:\/\/goo.gl\/maps\/r7BxUnUt9GE2\" target=\"_blank\" rel=\"noopener noreferrer\">Google Maps<\/a><\/strong><\/p>\n<p>&nbsp;<\/p>\n<h2>15. La Atunara, La l\u00ednea<\/h2>\n<div id=\"attachment_52451\" style=\"width: 650px\" class=\"wp-caption alignnone\"><img aria-describedby=\"caption-attachment-52451\" decoding=\"async\" class=\"wp-image-52451 size-full\" src=\"https:\/\/blog.fuertehoteles.com\/wp-content\/uploads\/2019\/02\/la-atunara-la-linea.jpg\" alt=\"La Atunara, La l\u00ednea\" width=\"640\" height=\"420\" srcset=\"https:\/\/blog.fuertehoteles.com\/wp-content\/uploads\/2019\/02\/la-atunara-la-linea.jpg 640w, https:\/\/blog.fuertehoteles.com\/wp-content\/uploads\/2019\/02\/la-atunara-la-linea-300x197.jpg 300w, https:\/\/blog.fuertehoteles.com\/wp-content\/uploads\/2019\/02\/la-atunara-la-linea-600x394.jpg 600w, https:\/\/blog.fuertehoteles.com\/wp-content\/uploads\/2019\/02\/la-atunara-la-linea-450x295.jpg 450w\" sizes=\"(max-width: 640px) 100vw, 640px\" \/><p id=\"caption-attachment-52451\" class=\"wp-caption-text\">La Atunara, La l\u00ednea<\/p><\/div>\n<p>La Atunara befindet sich in La L\u00ednea de la Concepci\u00f3n, genau n\u00f6rdlich des Strandes von Levante, neben dem Hafen. Obwohl dieses Viertel haupts\u00e4chlich Fischerei-Tradition hat, bewahrt es eine starke Zugeh\u00f6rigkeit zur Bev\u00f6lkerung von La L\u00ednea, da es sogar \u00e4lter als die Stadt selbst ist. Nicht umsonst findet man die ersten Hinweise auf dieses Viertel bereits 640 Jahre vor der Geburt der eigentlichen Stadt.<\/p>\n<p>Wie bereits erw\u00e4hnt, eines der charakteristischsten Merkmale dieses Viertels ist im Sommer die Fischerei und der anschlie\u00dfende Verkauf f\u00fcr den Verzehr von F\u00e4cherfischen, eine richtige Delikatesse, die schon seit der Zeit der R\u00f6mer auf dieselbe traditionelle Weise zubereitet wird. Ein weiteres sehr charakteristisches und gleichzeitig interessantes Merkmal ist die Lage seiner Kirche, eine ehemalige Fischp\u00f6kelfabrik, die in eine Kirche umgewandelt wurde, welche, wie es in einem Fischerviertel nicht anders sein kann, mit der Virgen del Carmen geweiht wurde, die hierf\u00fcr aus der Kapelle der Rettungsstation umgesiedelt wurde.<\/p>\n<p><strong><a href=\"http:\/\/goo.gl\/maps\/GPWz8YLFYwF2\" target=\"_blank\" rel=\"noopener noreferrer\">Google Maps<\/a><\/strong><\/p>\n<p>&nbsp;<\/p>\n<h2>16. Barrio de Huelin, M\u00e1laga<\/h2>\n<div id=\"attachment_52452\" style=\"width: 650px\" class=\"wp-caption alignnone\"><img aria-describedby=\"caption-attachment-52452\" decoding=\"async\" class=\"size-full wp-image-52452\" src=\"https:\/\/blog.fuertehoteles.com\/wp-content\/uploads\/2019\/02\/huelin-malaga.jpg\" alt=\"Barrio de Huelin, M\u00e1laga\" width=\"640\" height=\"420\" srcset=\"https:\/\/blog.fuertehoteles.com\/wp-content\/uploads\/2019\/02\/huelin-malaga.jpg 640w, https:\/\/blog.fuertehoteles.com\/wp-content\/uploads\/2019\/02\/huelin-malaga-300x197.jpg 300w, https:\/\/blog.fuertehoteles.com\/wp-content\/uploads\/2019\/02\/huelin-malaga-600x394.jpg 600w, https:\/\/blog.fuertehoteles.com\/wp-content\/uploads\/2019\/02\/huelin-malaga-450x295.jpg 450w\" sizes=\"(max-width: 640px) 100vw, 640px\" \/><p id=\"caption-attachment-52452\" class=\"wp-caption-text\">Barrio de Huelin, M\u00e1laga<\/p><\/div>\n<p>Das Barrio de Huelin ist das Arbeiterviertel par excellence, da es das erste Viertel ist, das speziell f\u00fcr die Arbeiter der Stadt geplant und erbaut wurde. Hier wurden auch die ersten Industrieschornsteine des M\u00e1laga des 19. Jahrhunderts errichtet.<\/p>\n<p>In diesem Viertel finden Sie Attraktionen, wie das Russische Museum von Sankt Petersburg, der erste Sitz des Russischen Staatsmuseums in Westeuropa. Das Zentrum bietet auch Vortr\u00e4ge, kulturelle und Kinder-Workshops, Theaterauff\u00fchrungen, Konzerte, Filmauff\u00fchrungen und Veranstaltungen. Au\u00dferdem findet man hier den Parque de Huelin, eine Gr\u00fcnfl\u00e4che mit mehr als 700 B\u00e4umen auf einer 32.000 qm gro\u00dfen Fl\u00e4che.<\/p>\n<p><strong><a href=\"http:\/\/goo.gl\/maps\/N4FpHMMSvwp\" target=\"_blank\" rel=\"noopener noreferrer\">Google Maps<\/a><\/strong><\/p>\n<p>&nbsp;<\/p>\n<h2>17. Los Boliches, Fuengirola<\/h2>\n<div id=\"attachment_52453\" style=\"width: 650px\" class=\"wp-caption alignnone\"><img aria-describedby=\"caption-attachment-52453\" decoding=\"async\" class=\"size-full wp-image-52453\" src=\"https:\/\/blog.fuertehoteles.com\/wp-content\/uploads\/2019\/02\/los-boliches-fuengirola.jpg\" alt=\"Los Boliches, Fuengirola\" width=\"640\" height=\"420\" srcset=\"https:\/\/blog.fuertehoteles.com\/wp-content\/uploads\/2019\/02\/los-boliches-fuengirola.jpg 640w, https:\/\/blog.fuertehoteles.com\/wp-content\/uploads\/2019\/02\/los-boliches-fuengirola-300x197.jpg 300w, https:\/\/blog.fuertehoteles.com\/wp-content\/uploads\/2019\/02\/los-boliches-fuengirola-600x394.jpg 600w, https:\/\/blog.fuertehoteles.com\/wp-content\/uploads\/2019\/02\/los-boliches-fuengirola-450x295.jpg 450w\" sizes=\"(max-width: 640px) 100vw, 640px\" \/><p id=\"caption-attachment-52453\" class=\"wp-caption-text\">Los Boliches, Fuengirola<\/p><\/div>\n<p>Los Boliches ist ein altes Fischerviertel, das urspr\u00fcnglich von Fuengirola abgeschieden war, aber aufgrund des Wachstums der Stadt, heute vollst\u00e4ndig in dieselbe integriert ist.<\/p>\n<p>Dieses Viertel bietet besondere Sehensw\u00fcrdigkeiten wie das Peseten-Denkmal, die erste Skulptur in ganz Spanien, welche seiner ehemaligen W\u00e4hrung gewidmet ist, oder das r\u00f6mische Denkmal, gleich neben der Plaza San Rafael, an der Strandpromenade.<\/p>\n<p>Obwohl es in diesem Teil von Fuengirola viele Dinge zu sehen gibt, darf man es doch bei einem Besuch nicht auslassen, ihren Strand zu besuchen, da dessen Umgebung ein wahres Spektakel f\u00fcr die Sinne ist.<\/p>\n<p><strong><a href=\"http:\/\/goo.gl\/maps\/EtCUVJTsf632\" target=\"_blank\" rel=\"noopener noreferrer\">Google Maps<\/a><\/strong><\/p>\n<p>&nbsp;<\/p>\n<h2>18. Sacromonte, Granada<\/h2>\n<div id=\"attachment_52454\" style=\"width: 650px\" class=\"wp-caption alignnone\"><img aria-describedby=\"caption-attachment-52454\" decoding=\"async\" class=\"size-full wp-image-52454\" src=\"https:\/\/blog.fuertehoteles.com\/wp-content\/uploads\/2019\/02\/vista-sacromonte-granada.jpg\" alt=\"Sacromonte, Granada\" width=\"640\" height=\"420\" srcset=\"https:\/\/blog.fuertehoteles.com\/wp-content\/uploads\/2019\/02\/vista-sacromonte-granada.jpg 640w, https:\/\/blog.fuertehoteles.com\/wp-content\/uploads\/2019\/02\/vista-sacromonte-granada-300x197.jpg 300w, https:\/\/blog.fuertehoteles.com\/wp-content\/uploads\/2019\/02\/vista-sacromonte-granada-600x394.jpg 600w, https:\/\/blog.fuertehoteles.com\/wp-content\/uploads\/2019\/02\/vista-sacromonte-granada-450x295.jpg 450w\" sizes=\"(max-width: 640px) 100vw, 640px\" \/><p id=\"caption-attachment-52454\" class=\"wp-caption-text\">Sacromonte, Granada<\/p><\/div>\n<p>Sacromonte ist ein idyllischer und malerischer Ort auf dem H\u00fcgel von <strong>Valpara\u00edso<\/strong>, einer der H\u00fcgel, die Granada ausmachen. Dieses Viertel ist die traditionelle Vorstadt der Zigeuner von Granada. Abgesehen von den vielen wei\u00dfen H\u00f6hlen, seinen Flamenco-Lokalen und die der ber\u00fchmten \u201eZambras\u201c, ist die Hauptsehensw\u00fcrdigkeit von Sacromonte seine Abtei, erbaut vom Erzbischof Don Pedro de Castro im 17. Jahrhundert an dem Ort, wo verschiedene religi\u00f6se Reliquien entdeckt wurden, sowie andere Zeugnisse der ersten Christen von Granada.<\/p>\n<p>Sacromonte beherbergt auch die Schulen des Ave Mar\u00eda, welche im fr\u00fchen 20. Jahrhundert f\u00fcr die Roma-Kinder gegr\u00fcndet wurden, und deren p\u00e4dagogische Innovationen auch heute noch Anwendung finden.<\/p>\n<p><strong><a href=\"http:\/\/goo.gl\/maps\/GapSG8FWZUp\" target=\"_blank\" rel=\"noopener noreferrer\">Google Maps<\/a><\/strong><\/p>\n<p>&nbsp;<\/p>\n<h2>19. La Albarizuela<\/h2>\n<div id=\"attachment_52455\" style=\"width: 650px\" class=\"wp-caption alignnone\"><img aria-describedby=\"caption-attachment-52455\" decoding=\"async\" class=\"size-full wp-image-52455\" src=\"https:\/\/blog.fuertehoteles.com\/wp-content\/uploads\/2019\/02\/albarizuela-jerez.jpg\" alt=\"La Albarizuela, Jerez\" width=\"640\" height=\"420\" srcset=\"https:\/\/blog.fuertehoteles.com\/wp-content\/uploads\/2019\/02\/albarizuela-jerez.jpg 640w, https:\/\/blog.fuertehoteles.com\/wp-content\/uploads\/2019\/02\/albarizuela-jerez-300x197.jpg 300w, https:\/\/blog.fuertehoteles.com\/wp-content\/uploads\/2019\/02\/albarizuela-jerez-600x394.jpg 600w, https:\/\/blog.fuertehoteles.com\/wp-content\/uploads\/2019\/02\/albarizuela-jerez-450x295.jpg 450w\" sizes=\"(max-width: 640px) 100vw, 640px\" \/><p id=\"caption-attachment-52455\" class=\"wp-caption-text\">La Albarizuela, Jerez<\/p><\/div>\n<p>Das Viertel von San Pedro, auch La Albarizuela genannt, ist ein extramurales Viertel in Jerez de la Frontera. Dieses Viertel verdankt seinen Namen der Hauptkirche, der Iglesia de San Pedro, wenn auch die ganze Nachbarschaft dessen Namen annahm. Wenn wir uns auf historische Daten berufen, sind es in Wirklichkeit drei verschiedene Stadtviertel: das Barrio de la Albarizuela, das von San Pedro und das der Las Atarazanas.<\/p>\n<p><strong><a href=\"http:\/\/goo.gl\/maps\/hGqZNsoYWyG2\" target=\"_blank\" rel=\"noopener noreferrer\">Google Maps<\/a><\/strong><\/p>\n<p>&nbsp;<\/p>\n<h2>20. Malagueta, M\u00e1laga<\/h2>\n<div id=\"attachment_52456\" style=\"width: 650px\" class=\"wp-caption alignnone\"><img aria-describedby=\"caption-attachment-52456\" decoding=\"async\" class=\"size-full wp-image-52456\" src=\"https:\/\/blog.fuertehoteles.com\/wp-content\/uploads\/2019\/02\/la-malagueta-vista.jpg\" alt=\"La Malagueta, M\u00e1laga\" width=\"640\" height=\"420\" srcset=\"https:\/\/blog.fuertehoteles.com\/wp-content\/uploads\/2019\/02\/la-malagueta-vista.jpg 640w, https:\/\/blog.fuertehoteles.com\/wp-content\/uploads\/2019\/02\/la-malagueta-vista-300x197.jpg 300w, https:\/\/blog.fuertehoteles.com\/wp-content\/uploads\/2019\/02\/la-malagueta-vista-600x394.jpg 600w, https:\/\/blog.fuertehoteles.com\/wp-content\/uploads\/2019\/02\/la-malagueta-vista-450x295.jpg 450w\" sizes=\"(max-width: 640px) 100vw, 640px\" \/><p id=\"caption-attachment-52456\" class=\"wp-caption-text\">La Malagueta, M\u00e1laga<\/p><\/div>\n<p>Malagueta war schon immer ein ber\u00fchmtes Viertel, ist es das heute jedoch noch viel mehr, denn nun ist es ein Treffpunkt f\u00fcr Kunst und Mode. Ein Beispiel daf\u00fcr ist, dass sich hier das Pompidou-Museum befindet. Dieses Viertel zieht sich vom Picasso-Museum bis zur La Farola hin.<\/p>\n<p>Die wichtigsten Sehensw\u00fcrdigkeiten des Viertels sind die ehemalige \u201eBodega El Pimpi\u201c, wo Sie ein gutes Glas Wein aus M\u00e1laga genie\u00dfen k\u00f6nnen, oder das umgebaute R\u00f6mische Theater.<\/p>\n<p><strong><a href=\"http:\/\/goo.gl\/maps\/J3fMroKjV692\" target=\"_blank\" rel=\"noopener noreferrer\">Google Maps<\/a><\/strong><\/p>\n<p>&nbsp;<\/p>\n<p><strong><a href=\"https:\/\/blog.fuertehoteles.com\/de\/destinationen\/dorfer-von-andalusien\/\">Die 30 sch\u00f6nsten D\u00f6rfer von Andalusien<\/a><\/strong><\/p>\n<p>&nbsp;<\/p>\n<h2>WO UNTERKOMMEN<\/h2>\n<div id=\"attachment_42823\" style=\"width: 650px\" class=\"wp-caption alignnone\"><img aria-describedby=\"caption-attachment-42823\" decoding=\"async\" class=\"size-full wp-image-42823\" src=\"https:\/\/blog.fuertehoteles.com\/wp-content\/uploads\/2018\/11\/fuerte-marbella-nueva-habitaciones.jpg\" alt=\"Hotel Fuerte Marbella\" width=\"640\" height=\"420\" srcset=\"https:\/\/blog.fuertehoteles.com\/wp-content\/uploads\/2018\/11\/fuerte-marbella-nueva-habitaciones.jpg 640w, https:\/\/blog.fuertehoteles.com\/wp-content\/uploads\/2018\/11\/fuerte-marbella-nueva-habitaciones-300x197.jpg 300w, https:\/\/blog.fuertehoteles.com\/wp-content\/uploads\/2018\/11\/fuerte-marbella-nueva-habitaciones-600x394.jpg 600w, https:\/\/blog.fuertehoteles.com\/wp-content\/uploads\/2018\/11\/fuerte-marbella-nueva-habitaciones-450x295.jpg 450w\" sizes=\"(max-width: 640px) 100vw, 640px\" \/><p id=\"caption-attachment-42823\" class=\"wp-caption-text\">Hotel Fuerte Marbella<\/p><\/div>\n<p>Wenn du dar\u00fcber nachdenkst <b>Andalusien<\/b> als das Ziel deiner Sommerferien zu w\u00e4hlen, zweifle nicht daran in <a href=\"https:\/\/www.fuertehoteles.com\/de\/\" target=\"_blank\" rel=\"noopener noreferrer\"><b>Fuerte Hotels<\/b><\/a> unter zu kommen. Diese Unterk\u00fcnfte haben einen exzellenten Service, sind nach Tripadvisor f\u00fchrend in der Qualit\u00e4t und haben mehr als 60 Jahre Erfahrung, sie sind die beste Wahl f\u00fcr deine Erholungstage. <b>Marbella, Conil, Grazalema, El Rompido oder Torrox<\/b> sind einige der Standorte, wo du diese herrlichen Unterk\u00fcnfte finden kannst und sie sind ein geeigneter Referenzpunkt, damit du die einzigartigsten Viertel Andalusiens<\/p>\n","protected":false},"excerpt":{"rendered":"<p>Entdecke unser Netz der andalusischen Karte Um die Kultur und Idiosynkrasie einer Stadt so richtig mitzuerleben, gibt es nichts Besseres als sie von Stadtviertel zu Stadtviertel kennenzulernen. Deshalb bieten wir diese sch\u00f6ne Tour an, doch ist sie nur eine von vielen, denn Andalusien ist voller malerischer Viertel, einige am Meer und andere mehr im Landesinneren, [&hellip;]<\/p>\n","protected":false},"author":11,"featured_media":52461,"comment_status":"open","ping_status":"open","sticky":false,"template":"","format":"standard","meta":[],"categories":[25],"tags":[511,580,547,409],"acf":[],"yoast_head":"<!-- This site is optimized with the Yoast SEO plugin v21.1 - https:\/\/yoast.com\/wordpress\/plugins\/seo\/ -->\n<title>Die Stadtteile von Andalusien bieten die Wesenheit von jedem Reiseziel<\/title>\n<meta name=\"description\" content=\"Um sich in die Kultur einer Stadt ein zu f\u00fcgen, gibt es nichts besseres als sie Viertel f\u00fcr Viertel kennen zu lernen. Die stadtteile von Andalusien.\" \/>\n<meta name=\"robots\" content=\"index, follow, max-snippet:-1, max-image-preview:large, max-video-preview:-1\" \/>\n<link rel=\"canonical\" href=\"https:\/\/blog.fuertehoteles.com\/de\/destinationen\/schonsten-viertel-von-andalusien\/\" \/>\n<meta property=\"og:locale\" content=\"de_DE\" \/>\n<meta property=\"og:type\" content=\"article\" \/>\n<meta property=\"og:title\" content=\"Die Stadtteile von Andalusien bieten die Wesenheit von jedem Reiseziel\" \/>\n<meta property=\"og:description\" content=\"Um sich in die Kultur einer Stadt ein zu f\u00fcgen, gibt es nichts besseres als sie Viertel f\u00fcr Viertel kennen zu lernen. Die stadtteile von Andalusien.\" \/>\n<meta property=\"og:url\" content=\"https:\/\/blog.fuertehoteles.com\/de\/destinationen\/schonsten-viertel-von-andalusien\/\" \/>\n<meta property=\"og:site_name\" content=\"Blog Fuerte Hoteles\" \/>\n<meta property=\"article:publisher\" content=\"https:\/\/www.facebook.com\/HotelesFuerte\" \/>\n<meta property=\"article:author\" content=\"https:\/\/www.facebook.com\/hotelesfuerte\" \/>\n<meta property=\"article:published_time\" content=\"2021-03-16T08:00:06+00:00\" \/>\n<meta property=\"article:modified_time\" content=\"2021-03-15T14:56:10+00:00\" \/>\n<meta property=\"og:image\" content=\"https:\/\/blog.fuertehoteles.com\/wp-content\/uploads\/2019\/02\/casco-antiguo-marbella-calles.jpg\" \/>\n\t<meta property=\"og:image:width\" content=\"640\" \/>\n\t<meta property=\"og:image:height\" content=\"420\" \/>\n\t<meta property=\"og:image:type\" content=\"image\/jpeg\" \/>\n<meta name=\"author\" content=\"Fuerte Hoteles\" \/>\n<meta name=\"twitter:card\" content=\"summary_large_image\" \/>\n<meta name=\"twitter:creator\" content=\"@https:\/\/twitter.com\/fuertehoteles\" \/>\n<meta name=\"twitter:site\" content=\"@fuertehoteles\" \/>\n<meta name=\"twitter:label1\" content=\"Verfasst von\" \/>\n\t<meta name=\"twitter:data1\" content=\"Fuerte Hoteles\" \/>\n\t<meta name=\"twitter:label2\" content=\"Gesch\u00e4tzte Lesezeit\" \/>\n\t<meta name=\"twitter:data2\" content=\"14 minutes\" \/>\n<script type=\"application\/ld+json\" class=\"yoast-schema-graph\">{\"@context\":\"https:\/\/schema.org\",\"@graph\":[{\"@type\":\"Article\",\"@id\":\"https:\/\/blog.fuertehoteles.com\/de\/destinationen\/schonsten-viertel-von-andalusien\/#article\",\"isPartOf\":{\"@id\":\"https:\/\/blog.fuertehoteles.com\/de\/destinationen\/schonsten-viertel-von-andalusien\/\"},\"author\":{\"name\":\"Fuerte Hoteles\",\"@id\":\"https:\/\/blog.fuertehoteles.com\/de\/#\/schema\/person\/2c21417ecb9c684c591d8261fce6a10d\"},\"headline\":\"Die Stadtteile von Andalusien bieten die Wesenheit von jedem Reiseziel.\",\"datePublished\":\"2021-03-16T08:00:06+00:00\",\"dateModified\":\"2021-03-15T14:56:10+00:00\",\"mainEntityOfPage\":{\"@id\":\"https:\/\/blog.fuertehoteles.com\/de\/destinationen\/schonsten-viertel-von-andalusien\/\"},\"wordCount\":2835,\"commentCount\":0,\"publisher\":{\"@id\":\"https:\/\/blog.fuertehoteles.com\/de\/#organization\"},\"keywords\":[\"historie\",\"lokale produkte\",\"monuments\",\"monuments\"],\"articleSection\":[\"Destinationen\"],\"inLanguage\":\"de-DE\",\"potentialAction\":[{\"@type\":\"CommentAction\",\"name\":\"Comment\",\"target\":[\"https:\/\/blog.fuertehoteles.com\/de\/destinationen\/schonsten-viertel-von-andalusien\/#respond\"]}]},{\"@type\":\"WebPage\",\"@id\":\"https:\/\/blog.fuertehoteles.com\/de\/destinationen\/schonsten-viertel-von-andalusien\/\",\"url\":\"https:\/\/blog.fuertehoteles.com\/de\/destinationen\/schonsten-viertel-von-andalusien\/\",\"name\":\"Die Stadtteile von Andalusien bieten die Wesenheit von jedem Reiseziel\",\"isPartOf\":{\"@id\":\"https:\/\/blog.fuertehoteles.com\/de\/#website\"},\"datePublished\":\"2021-03-16T08:00:06+00:00\",\"dateModified\":\"2021-03-15T14:56:10+00:00\",\"description\":\"Um sich in die Kultur einer Stadt ein zu f\u00fcgen, gibt es nichts besseres als sie Viertel f\u00fcr Viertel kennen zu lernen. Die stadtteile von Andalusien.\",\"breadcrumb\":{\"@id\":\"https:\/\/blog.fuertehoteles.com\/de\/destinationen\/schonsten-viertel-von-andalusien\/#breadcrumb\"},\"inLanguage\":\"de-DE\",\"potentialAction\":[{\"@type\":\"ReadAction\",\"target\":[\"https:\/\/blog.fuertehoteles.com\/de\/destinationen\/schonsten-viertel-von-andalusien\/\"]}]},{\"@type\":\"BreadcrumbList\",\"@id\":\"https:\/\/blog.fuertehoteles.com\/de\/destinationen\/schonsten-viertel-von-andalusien\/#breadcrumb\",\"itemListElement\":[{\"@type\":\"ListItem\",\"position\":1,\"name\":\"Home\",\"item\":\"https:\/\/blog.fuertehoteles.com\/de\/\"},{\"@type\":\"ListItem\",\"position\":2,\"name\":\"Die Stadtteile von Andalusien bieten die Wesenheit von jedem Reiseziel.\"}]},{\"@type\":\"WebSite\",\"@id\":\"https:\/\/blog.fuertehoteles.com\/de\/#website\",\"url\":\"https:\/\/blog.fuertehoteles.com\/de\/\",\"name\":\"Blog Fuerte Hoteles\",\"description\":\"Andalucia Travel Blog, Hotel blog\",\"publisher\":{\"@id\":\"https:\/\/blog.fuertehoteles.com\/de\/#organization\"},\"potentialAction\":[{\"@type\":\"SearchAction\",\"target\":{\"@type\":\"EntryPoint\",\"urlTemplate\":\"https:\/\/blog.fuertehoteles.com\/de\/?s={search_term_string}\"},\"query-input\":\"required name=search_term_string\"}],\"inLanguage\":\"de-DE\"},{\"@type\":\"Organization\",\"@id\":\"https:\/\/blog.fuertehoteles.com\/de\/#organization\",\"name\":\"Fuerte Group Hotels\",\"url\":\"https:\/\/blog.fuertehoteles.com\/de\/\",\"logo\":{\"@type\":\"ImageObject\",\"inLanguage\":\"de-DE\",\"@id\":\"https:\/\/blog.fuertehoteles.com\/de\/#\/schema\/logo\/image\/\",\"url\":\"https:\/\/blog.fuertehoteles.com\/wp-content\/uploads\/2019\/02\/Logo_fuertegroup_ver_Gris-03.jpg\",\"contentUrl\":\"https:\/\/blog.fuertehoteles.com\/wp-content\/uploads\/2019\/02\/Logo_fuertegroup_ver_Gris-03.jpg\",\"width\":900,\"height\":900,\"caption\":\"Fuerte Group Hotels\"},\"image\":{\"@id\":\"https:\/\/blog.fuertehoteles.com\/de\/#\/schema\/logo\/image\/\"},\"sameAs\":[\"https:\/\/www.facebook.com\/HotelesFuerte\",\"https:\/\/twitter.com\/fuertehoteles\",\"https:\/\/www.instagram.com\/fuertehoteles\/\",\"https:\/\/www.pinterest.es\/fuertehoteles\/\",\"https:\/\/www.youtube.com\/user\/fuertehoteles\"]},{\"@type\":\"Person\",\"@id\":\"https:\/\/blog.fuertehoteles.com\/de\/#\/schema\/person\/2c21417ecb9c684c591d8261fce6a10d\",\"name\":\"Fuerte Hoteles\",\"image\":{\"@type\":\"ImageObject\",\"inLanguage\":\"de-DE\",\"@id\":\"https:\/\/blog.fuertehoteles.com\/de\/#\/schema\/person\/image\/\",\"url\":\"https:\/\/secure.gravatar.com\/avatar\/3927af8ad2a9791e384c3c512a1b6221?s=96&d=mm&r=g\",\"contentUrl\":\"https:\/\/secure.gravatar.com\/avatar\/3927af8ad2a9791e384c3c512a1b6221?s=96&d=mm&r=g\",\"caption\":\"Fuerte Hoteles\"},\"sameAs\":[\"https:\/\/blog.fuertehoteles.com\",\"https:\/\/www.facebook.com\/hotelesfuerte\",\"https:\/\/www.pinterest.com\/fuertehoteles\/\",\"https:\/\/twitter.com\/https:\/\/twitter.com\/fuertehoteles\",\"https:\/\/www.youtube.com\/user\/fuertehoteles\"],\"url\":\"https:\/\/blog.fuertehoteles.com\/de\/author\/carlo-piran\/\"}]}<\/script>\n<!-- \/ Yoast SEO plugin. -->","yoast_head_json":{"title":"Die Stadtteile von Andalusien bieten die Wesenheit von jedem Reiseziel","description":"Um sich in die Kultur einer Stadt ein zu f\u00fcgen, gibt es nichts besseres als sie Viertel f\u00fcr Viertel kennen zu lernen. Die stadtteile von Andalusien.","robots":{"index":"index","follow":"follow","max-snippet":"max-snippet:-1","max-image-preview":"max-image-preview:large","max-video-preview":"max-video-preview:-1"},"canonical":"https:\/\/blog.fuertehoteles.com\/de\/destinationen\/schonsten-viertel-von-andalusien\/","og_locale":"de_DE","og_type":"article","og_title":"Die Stadtteile von Andalusien bieten die Wesenheit von jedem Reiseziel","og_description":"Um sich in die Kultur einer Stadt ein zu f\u00fcgen, gibt es nichts besseres als sie Viertel f\u00fcr Viertel kennen zu lernen. Die stadtteile von Andalusien.","og_url":"https:\/\/blog.fuertehoteles.com\/de\/destinationen\/schonsten-viertel-von-andalusien\/","og_site_name":"Blog Fuerte Hoteles","article_publisher":"https:\/\/www.facebook.com\/HotelesFuerte","article_author":"https:\/\/www.facebook.com\/hotelesfuerte","article_published_time":"2021-03-16T08:00:06+00:00","article_modified_time":"2021-03-15T14:56:10+00:00","og_image":[{"width":640,"height":420,"url":"https:\/\/blog.fuertehoteles.com\/wp-content\/uploads\/2019\/02\/casco-antiguo-marbella-calles.jpg","type":"image\/jpeg"}],"author":"Fuerte Hoteles","twitter_card":"summary_large_image","twitter_creator":"@https:\/\/twitter.com\/fuertehoteles","twitter_site":"@fuertehoteles","twitter_misc":{"Verfasst von":"Fuerte Hoteles","Gesch\u00e4tzte Lesezeit":"14 minutes"},"schema":{"@context":"https:\/\/schema.org","@graph":[{"@type":"Article","@id":"https:\/\/blog.fuertehoteles.com\/de\/destinationen\/schonsten-viertel-von-andalusien\/#article","isPartOf":{"@id":"https:\/\/blog.fuertehoteles.com\/de\/destinationen\/schonsten-viertel-von-andalusien\/"},"author":{"name":"Fuerte Hoteles","@id":"https:\/\/blog.fuertehoteles.com\/de\/#\/schema\/person\/2c21417ecb9c684c591d8261fce6a10d"},"headline":"Die Stadtteile von Andalusien bieten die Wesenheit von jedem Reiseziel.","datePublished":"2021-03-16T08:00:06+00:00","dateModified":"2021-03-15T14:56:10+00:00","mainEntityOfPage":{"@id":"https:\/\/blog.fuertehoteles.com\/de\/destinationen\/schonsten-viertel-von-andalusien\/"},"wordCount":2835,"commentCount":0,"publisher":{"@id":"https:\/\/blog.fuertehoteles.com\/de\/#organization"},"keywords":["historie","lokale produkte","monuments","monuments"],"articleSection":["Destinationen"],"inLanguage":"de-DE","potentialAction":[{"@type":"CommentAction","name":"Comment","target":["https:\/\/blog.fuertehoteles.com\/de\/destinationen\/schonsten-viertel-von-andalusien\/#respond"]}]},{"@type":"WebPage","@id":"https:\/\/blog.fuertehoteles.com\/de\/destinationen\/schonsten-viertel-von-andalusien\/","url":"https:\/\/blog.fuertehoteles.com\/de\/destinationen\/schonsten-viertel-von-andalusien\/","name":"Die Stadtteile von Andalusien bieten die Wesenheit von jedem Reiseziel","isPartOf":{"@id":"https:\/\/blog.fuertehoteles.com\/de\/#website"},"datePublished":"2021-03-16T08:00:06+00:00","dateModified":"2021-03-15T14:56:10+00:00","description":"Um sich in die Kultur einer Stadt ein zu f\u00fcgen, gibt es nichts besseres als sie Viertel f\u00fcr Viertel kennen zu lernen. Die stadtteile von Andalusien.","breadcrumb":{"@id":"https:\/\/blog.fuertehoteles.com\/de\/destinationen\/schonsten-viertel-von-andalusien\/#breadcrumb"},"inLanguage":"de-DE","potentialAction":[{"@type":"ReadAction","target":["https:\/\/blog.fuertehoteles.com\/de\/destinationen\/schonsten-viertel-von-andalusien\/"]}]},{"@type":"BreadcrumbList","@id":"https:\/\/blog.fuertehoteles.com\/de\/destinationen\/schonsten-viertel-von-andalusien\/#breadcrumb","itemListElement":[{"@type":"ListItem","position":1,"name":"Home","item":"https:\/\/blog.fuertehoteles.com\/de\/"},{"@type":"ListItem","position":2,"name":"Die Stadtteile von Andalusien bieten die Wesenheit von jedem Reiseziel."}]},{"@type":"WebSite","@id":"https:\/\/blog.fuertehoteles.com\/de\/#website","url":"https:\/\/blog.fuertehoteles.com\/de\/","name":"Blog Fuerte Hoteles","description":"Andalucia Travel Blog, Hotel blog","publisher":{"@id":"https:\/\/blog.fuertehoteles.com\/de\/#organization"},"potentialAction":[{"@type":"SearchAction","target":{"@type":"EntryPoint","urlTemplate":"https:\/\/blog.fuertehoteles.com\/de\/?s={search_term_string}"},"query-input":"required name=search_term_string"}],"inLanguage":"de-DE"},{"@type":"Organization","@id":"https:\/\/blog.fuertehoteles.com\/de\/#organization","name":"Fuerte Group Hotels","url":"https:\/\/blog.fuertehoteles.com\/de\/","logo":{"@type":"ImageObject","inLanguage":"de-DE","@id":"https:\/\/blog.fuertehoteles.com\/de\/#\/schema\/logo\/image\/","url":"https:\/\/blog.fuertehoteles.com\/wp-content\/uploads\/2019\/02\/Logo_fuertegroup_ver_Gris-03.jpg","contentUrl":"https:\/\/blog.fuertehoteles.com\/wp-content\/uploads\/2019\/02\/Logo_fuertegroup_ver_Gris-03.jpg","width":900,"height":900,"caption":"Fuerte Group Hotels"},"image":{"@id":"https:\/\/blog.fuertehoteles.com\/de\/#\/schema\/logo\/image\/"},"sameAs":["https:\/\/www.facebook.com\/HotelesFuerte","https:\/\/twitter.com\/fuertehoteles","https:\/\/www.instagram.com\/fuertehoteles\/","https:\/\/www.pinterest.es\/fuertehoteles\/","https:\/\/www.youtube.com\/user\/fuertehoteles"]},{"@type":"Person","@id":"https:\/\/blog.fuertehoteles.com\/de\/#\/schema\/person\/2c21417ecb9c684c591d8261fce6a10d","name":"Fuerte Hoteles","image":{"@type":"ImageObject","inLanguage":"de-DE","@id":"https:\/\/blog.fuertehoteles.com\/de\/#\/schema\/person\/image\/","url":"https:\/\/secure.gravatar.com\/avatar\/3927af8ad2a9791e384c3c512a1b6221?s=96&d=mm&r=g","contentUrl":"https:\/\/secure.gravatar.com\/avatar\/3927af8ad2a9791e384c3c512a1b6221?s=96&d=mm&r=g","caption":"Fuerte Hoteles"},"sameAs":["https:\/\/blog.fuertehoteles.com","https:\/\/www.facebook.com\/hotelesfuerte","https:\/\/www.pinterest.com\/fuertehoteles\/","https:\/\/twitter.com\/https:\/\/twitter.com\/fuertehoteles","https:\/\/www.youtube.com\/user\/fuertehoteles"],"url":"https:\/\/blog.fuertehoteles.com\/de\/author\/carlo-piran\/"}]}},"_links":{"self":[{"href":"https:\/\/blog.fuertehoteles.com\/de\/wp-json\/wp\/v2\/posts\/28222"}],"collection":[{"href":"https:\/\/blog.fuertehoteles.com\/de\/wp-json\/wp\/v2\/posts"}],"about":[{"href":"https:\/\/blog.fuertehoteles.com\/de\/wp-json\/wp\/v2\/types\/post"}],"author":[{"embeddable":true,"href":"https:\/\/blog.fuertehoteles.com\/de\/wp-json\/wp\/v2\/users\/11"}],"replies":[{"embeddable":true,"href":"https:\/\/blog.fuertehoteles.com\/de\/wp-json\/wp\/v2\/comments?post=28222"}],"version-history":[{"count":25,"href":"https:\/\/blog.fuertehoteles.com\/de\/wp-json\/wp\/v2\/posts\/28222\/revisions"}],"predecessor-version":[{"id":52469,"href":"https:\/\/blog.fuertehoteles.com\/de\/wp-json\/wp\/v2\/posts\/28222\/revisions\/52469"}],"wp:featuredmedia":[{"embeddable":true,"href":"https:\/\/blog.fuertehoteles.com\/de\/wp-json\/wp\/v2\/media\/52461"}],"wp:attachment":[{"href":"https:\/\/blog.fuertehoteles.com\/de\/wp-json\/wp\/v2\/media?parent=28222"}],"wp:term":[{"taxonomy":"category","embeddable":true,"href":"https:\/\/blog.fuertehoteles.com\/de\/wp-json\/wp\/v2\/categories?post=28222"},{"taxonomy":"post_tag","embeddable":true,"href":"https:\/\/blog.fuertehoteles.com\/de\/wp-json\/wp\/v2\/tags?post=28222"}],"curies":[{"name":"wp","href":"https:\/\/api.w.org\/{rel}","templated":true}]}}