{"id":28410,"date":"2014-02-12T15:37:11","date_gmt":"2014-02-12T15:37:11","guid":{"rendered":"https:\/\/blog.fuertehoteles.com\/?p=28410"},"modified":"2020-10-06T10:41:27","modified_gmt":"2020-10-06T08:41:27","slug":"karneval-in-andalusien","status":"publish","type":"post","link":"https:\/\/blog.fuertehoteles.com\/de\/aktivitaeten\/karneval-in-andalusien\/","title":{"rendered":"5 Karnavel-Feiern in Andalusien die Sie sich nicht entgehen lassen sollten"},"content":{"rendered":"<p><b>Der Karneval<\/b> ist eine der am\u00fcsantesten Feiern des Jahres. Andalusien f\u00fcllt sich in jeder Ecke und Stra\u00dfe mit einer gro\u00dfen Farbenpracht.\u00a0 Die einfallsreichsten Verkleidungen sind die der Hauptdarstellen dieses Tages, welche in der kompletten Stadt anzutreffen sind.<\/p>\n<p>Lassen Sie es sich nicht entgehen und kommen Sie im Februar und M\u00e4rz nach Andalusien, der Einfallsreichtum der Verkleidungen, die Anmut der Leute und vor allem die satirischen St\u00fccke und Chirigotas sind ein mehr als ausreichender Grund um nach <a href=\"http:\/\/fuertehoteles.com\/de\/reiseziele-karte\/\" target=\"_blank\" rel=\"noopener noreferrer\">Andalusien<\/a> zu kommen.<\/p>\n<p>F\u00fcr diejenigen die noch nichts von den <b>Chirigotas <\/b>geh\u00f6rt haben; es handelt sich dabei um musikalische Gruppierungen, welche w\u00e4hrend des Karnevals Verse und Lieder mit humoristischen Hintergrund \u00fcber die Aktualit\u00e4t der D\u00f6rfer singen. Notieren Sie sich die f\u00fcnf einfallsreichsten Karnevals S\u00fcdspaniens.<\/p>\n<h2><b>1. Karneval in C\u00e1diz<\/b><\/h2>\n<p>Am\u00fcsant, sympathisch und einzigartig. Der <b>Karneval in C\u00e1diz<\/b> ist einer der bekanntesten in Spanien, weshalb jedes Jahr tausende Besucher herkommen, um sich diese einzigartige Gelegenheit des Ortes vom <b>12. Februar bis 22. Februar <\/b>nicht entgehen zu lassen. <b>Das gro\u00dfe Teatro Falla<\/b> der Stadt ist das neuralgische Zentrum einer jeden Feier. Innerhalb der vier W\u00e4nde wird er bekannte Wettbewerb der Chirigotas abgehalten.<\/p>\n<p>Jede Gruppe sucht sich eine Verkleidung aus, welche \u00fcblich f\u00fcr die Teilnehmer einer jeden Gruppe erscheint und nach der Charakterisierung folgt das Spektakel der Lieder und Verse, welche die politische Welt Spaniens zittern lassen. Diese Lieder mit satirischen und burlesken Texten geben eine heftige Kritik auf lustige Art und Weise in seiner aktuellen Form wieder. Der K\u00f6nig, Pr\u00e4sident der Regierung, die besonderen Nachrichten des Jahres und die bekanntesten Pers\u00f6nlichkeiten aus Zeitschriften sind das Hauptziel des Spektakels.<\/p>\n<p>Lassen Sie es sich nicht entgehen nach <b>C\u00e1diz zum Karneval<\/b> zu kommen. Das Ambiente in den Stra\u00dfen und die Farbenpracht die in jeder Ecke Einzug h\u00e4lt, mit sympathischen und fr\u00f6hlichen Menschen, ist das beste Argument um nach C\u00e1diz zu kommen.<\/p>\n<div style=\"width: 650px\" class=\"wp-caption alignnone\"><a href=\"https:\/\/blog.fuertehoteles.com\/wp-content\/uploads\/2014\/02\/Gran_Teatro_Falla.jpg\"><img decoding=\"async\" title=\"Das gro\u00dfe Teatro Falla\" src=\"https:\/\/blog.fuertehoteles.com\/wp-content\/uploads\/2014\/02\/Gran_Teatro_Falla.jpg\" alt=\"Gran_Teatro_Falla\" width=\"640\" height=\"420\" \/><\/a><p class=\"wp-caption-text\">Das gro\u00dfe Teatro Falla<\/p><\/div>\n<h2><b>2. Karneval in Ayamonte<\/b><\/h2>\n<p>Die Tradition stammt aus dem <strong>Mittelalter,<\/strong> als noch von gro\u00dfer Ruhm und Erfolg rund um den Marquis die Rede war. Sein Ruhm war so gro\u00df, dass in einer Krise, die die Stadt im sechzehnten Jahrhundert getroffen hat, der K\u00f6nig befahl, viel Geld f\u00fcr die diese Feier auszugeben. Eines der auff\u00e4lligsten Merkmale ist die <strong>&#8220;Beerdigung der Sardine&#8221;<\/strong> Aschermittwoch. Eine alte Tradition, die ihren Ursprung in den s\u00fcdlichen St\u00e4dten am Rande des Atlantischen Ozeans hat.<\/p>\n<p>Dies symbolisiert das Ende der heidnischen Feiertage und dem Beginn der Vorbereitung auf Ostern der heutigen Zeit mit R\u00fcckblick auf die Erl\u00f6sung. Ein bemerkenswerter Ort in diesen Tagen des Karneval (welcher vom Monat Februar bis 9. M\u00e4rz stattfindet) und Sie werden nicht entt\u00e4uscht sein, wenn Sie sich entscheiden hierher zu kommen. Au\u00dferdem erm\u00f6glicht Ihnen seine strategische Lage, <strong>die N\u00e4he eines Naturparks und Str\u00e4nde direkt an der Atlantikk\u00fcste.<\/strong> Bereiten Sie Ihre Verkleidung und ihre Reiserute vor, die Sie durch diese Provinz nehmen m\u00f6chten.<\/p>\n<div style=\"width: 650px\" class=\"wp-caption alignnone\"><a href=\"https:\/\/blog.fuertehoteles.com\/wp-content\/uploads\/2014\/02\/carnaval_09_02.jpg\"><img decoding=\"async\" title=\"Karneval in Ayamonte\" src=\"https:\/\/blog.fuertehoteles.com\/wp-content\/uploads\/2014\/02\/carnaval_09_02.jpg\" alt=\"carnaval_09_02\" width=\"640\" height=\"420\" \/><\/a><p class=\"wp-caption-text\">Karneval in Ayamonte<\/p><\/div>\n<h2><b>3. Antequera<\/b><\/h2>\n<p>Im Zentrum dieser wundersch\u00f6nen andalusischen Stadt finden sich viele Denkm\u00e4ler aller Zeiten. Die Anmut die sich hier verbreitet, erleben Sie auch in Ihrem Karneval. In Antequera wird ein <strong>&#8220;Masken&#8221;-Wettbewerb<\/strong> im wahren venezianischen Stil. M\u00e4rz abgehalten. Die Nachbarn stellen handgefertigte Modelle aus Zeitung und Holzleim als Basis her. Nachdem die Farbe und Glitter aufgetragen sind, geht es los und es ist alles bereit, durch die sch\u00f6nen Stra\u00dfen der Stadt mit den Verkleidungen, die das Gesicht verbergen zu schlendern.<\/p>\n<p>Es lohnt sich zu diesem Ort zu kommen, vor allem weil die Umgebung des Karnevals nicht zu\u00a0 schlagen ist. F\u00fchlen Sie sich frei um hier anzuhalten, wenn Sie einen Kurzurlaub zu diesem Zeitpunkt planen. Dar\u00fcber hinaus erlaubt es Ihnen das super Wetter in der Provinz M\u00e1laga in der N\u00e4he der Costa del Sol den den Strand am Mittelmeer zu genie\u00dfen.<\/p>\n<div style=\"width: 650px\" class=\"wp-caption alignnone\"><a href=\"https:\/\/blog.fuertehoteles.com\/wp-content\/uploads\/2014\/02\/mscarasdelcarnavaldeven.jpg\"><img decoding=\"async\" title=\"&quot;Masken&quot;-Wettbewerb\" src=\"https:\/\/blog.fuertehoteles.com\/wp-content\/uploads\/2014\/02\/mscarasdelcarnavaldeven.jpg\" alt=\"mscarasdelcarnavaldeven\" width=\"640\" height=\"420\" \/><\/a><p class=\"wp-caption-text\">&#8220;Masken&#8221;-Wettbewerb<\/p><\/div>\n<h2><b>4. Karneval auf der Insel Cristina<\/b><\/h2>\n<p>Der Karneval auf der Insel Cristina ist einer der \u00e4ltesten und bekanntesten Spaniens und wurde zum \u201e<b>Fiesta de Inter\u00e9s Tur\u00edstico\u201c<\/b> <b>in Adalusien <\/b>erkl\u00e4rt. Der Kost\u00fcmball sowie die Reise sind die beiden Highlights dieses Tages, der zwischen dem 20. Februar und 2. M\u00e4rz stattfindet. voller Spa\u00df f\u00fcr ein jeden Insulaner.<\/p>\n<p>Die Tradition ist so stark, dass sogar die Nachbarn zur Zeit der Francos, der alle solche heidnischen Feiertage verboten hatte, heimlich weiter feierten. Wenn Sie \u00fcber ein Reiseziel nachdenken vergessen Sie nicht diese <b>kleine Ecke der Provinz Huelva. <\/b>Au\u00dferdem wenn Sie sich f\u00fcr diesen Karneval entscheiden, haben Sie gleich in der N\u00e4he die Hauptstadt Huelva, wo man die faszinierende Geschichte der Eroberung von Amerika, Jungfrauen und Paradiese, sowie die Str\u00e4nde von El Rompido erkunden kann.<\/p>\n<div style=\"width: 650px\" class=\"wp-caption alignnone\"><a href=\"https:\/\/blog.fuertehoteles.com\/wp-content\/uploads\/2014\/02\/Isla_Cristina_cabalgata.jpg\"><img decoding=\"async\" title=\"Karneval auf der Insel Cristina\" src=\"https:\/\/blog.fuertehoteles.com\/wp-content\/uploads\/2014\/02\/Isla_Cristina_cabalgata.jpg\" alt=\"Isla_Cristina_cabalgata\" width=\"640\" height=\"420\" \/><\/a><p class=\"wp-caption-text\">Karneval auf der Insel Cristina<\/p><\/div>\n<h2><b>5. Jerez de la Frontera<\/b><\/h2>\n<p>Der Wein Charakter von Jerez de la Frontera wickelt auch die Karnevalsfeier mit ein. <strong>Anspielungen auf den Gott Bacchus<\/strong> und der gro\u00dfen Gef\u00e4\u00dfe dieser Delikatesse, die das Land bietet, sind einige der Features von diesem Ort. Die Schwimmer gehen auf die Stra\u00dfe und die Feiern ziehen sich durch eine jede Stra\u00dfe der Stadt. Das Gute der Provinz von C\u00e1diz sind ihre Karnevalstraditionen, die die Fantasie jedes Jahr mehr anregen und versuchen sich im Einfallsreichtum zu \u00fcbertreffen. Wenn Sie selbst ein solches Erleben wollen, kommen Sie in diesem Jahr in die Stadt voller Farbe vom 23. Februar bis 2. M\u00e4rz<\/p>\n<p>Es gibt einen sympathischen und am\u00fcsanten Kost\u00fcmwettstreit\u00a0 und eine Kinder Parade. Die Provinz von Cadiz ist sonnig und in der Regel hat sie ein ausgezeichnete Klima, was dazu einl\u00e4dt,\u00a0 Spa\u00df an jeder Ecke zu haben. Seine Sandstr\u00e4nde wie die von <strong>Conil oder Tarifa<\/strong> sind eine weitere Attraktion an diesem festlichen Angebot. F\u00fchlen Sie sich frei, den Karneval Jerez und die umliegenden D\u00f6rfer zu entdecken.<\/p>\n<div style=\"width: 650px\" class=\"wp-caption alignnone\"><a href=\"https:\/\/blog.fuertehoteles.com\/wp-content\/uploads\/2014\/02\/jerez.jpg\"><img decoding=\"async\" title=\"Jerez de la Frontera\" src=\"https:\/\/blog.fuertehoteles.com\/wp-content\/uploads\/2014\/02\/jerez.jpg\" alt=\"Jerez de la Frontera\" width=\"640\" height=\"420\" \/><\/a><p class=\"wp-caption-text\">Jerez de la Frontera<\/p><\/div>\n<p>Lassen Sie es sich nicht entgehen nach Andalusien zum Karneval zu reisen. Das gute Wetter der Region und die Freundlichkeit der Menschen ist die beste Kombination f\u00fcr ein paar Tage Spa\u00df. Bereiten Sie Ihr Kost\u00fcm vor und kommen Sie nach S\u00fcd-Spanien um eines der traditionsreichsten Festivals zu erleben.<\/p>\n<h2><b>Unterkunft in Andalusien<\/b><\/h2>\n<p><a href=\"http:\/\/fuertehoteles.com\/de\/\" target=\"_blank\" rel=\"noopener noreferrer\"><b>Fuerte Hoteles <\/b><\/a>verf\u00fcgt \u00fcber wunderbare vier Sterne Einrichtungen am Strand oder innerhalb der nat\u00fcrlichen Landschaft in <b>Conil de la Frontera, Grazalema (20 min von Ronda entfernt), Marbella Torrox und El Rompido.<\/b><\/p>\n<p><a href=\"http:\/\/fuertehoteles.com\/de\/reiseziele-karte\/\" target=\"_blank\" rel=\"noopener noreferrer\"><img decoding=\"async\" class=\"alignnone size-full wp-image-10500\" src=\"https:\/\/blog.fuertehoteles.com\/wp-content\/uploads\/2014\/01\/Sin-t\u00edtulo-1.jpg\" alt=\"Sin t\u00edtulo-1\" width=\"640\" height=\"420\" srcset=\"https:\/\/blog.fuertehoteles.com\/wp-content\/uploads\/2014\/01\/Sin-t\u00edtulo-1.jpg 640w, https:\/\/blog.fuertehoteles.com\/wp-content\/uploads\/2014\/01\/Sin-t\u00edtulo-1-300x196.jpg 300w, https:\/\/blog.fuertehoteles.com\/wp-content\/uploads\/2014\/01\/Sin-t\u00edtulo-1-450x295.jpg 450w\" sizes=\"(max-width: 640px) 100vw, 640px\" \/><\/a><\/p>\n","protected":false},"excerpt":{"rendered":"<p>Der Karneval ist eine der am\u00fcsantesten Feiern des Jahres. Andalusien f\u00fcllt sich in jeder Ecke und Stra\u00dfe mit einer gro\u00dfen Farbenpracht.\u00a0 Die einfallsreichsten Verkleidungen sind die der Hauptdarstellen dieses Tages, welche in der kompletten Stadt anzutreffen sind. Lassen Sie es sich nicht entgehen und kommen Sie im Februar und M\u00e4rz nach Andalusien, der Einfallsreichtum der [&hellip;]<\/p>\n","protected":false},"author":11,"featured_media":10712,"comment_status":"open","ping_status":"open","sticky":false,"template":"","format":"standard","meta":[],"categories":[9],"tags":[436,610,454],"acf":[],"yoast_head":"<!-- This site is optimized with the Yoast SEO plugin v21.1 - https:\/\/yoast.com\/wordpress\/plugins\/seo\/ -->\n<title>5 Karnavel-Feiern in Andalusien<\/title>\n<meta name=\"description\" content=\"Der Karneval ist eine der am\u00fcsantesten Feiern des Jahres. Andalusien f\u00fcllt sich in jeder Ecke und Stra\u00dfe mit einer gro\u00dfen Farbenpracht\" \/>\n<meta name=\"robots\" content=\"index, follow, max-snippet:-1, max-image-preview:large, max-video-preview:-1\" \/>\n<link rel=\"canonical\" href=\"https:\/\/blog.fuertehoteles.com\/de\/aktivitaeten\/karneval-in-andalusien\/\" \/>\n<meta property=\"og:locale\" content=\"de_DE\" \/>\n<meta property=\"og:type\" content=\"article\" \/>\n<meta property=\"og:title\" content=\"5 Karnavel-Feiern in Andalusien\" \/>\n<meta property=\"og:description\" content=\"Der Karneval ist eine der am\u00fcsantesten Feiern des Jahres. Andalusien f\u00fcllt sich in jeder Ecke und Stra\u00dfe mit einer gro\u00dfen Farbenpracht\" \/>\n<meta property=\"og:url\" content=\"https:\/\/blog.fuertehoteles.com\/de\/aktivitaeten\/karneval-in-andalusien\/\" \/>\n<meta property=\"og:site_name\" content=\"Blog Fuerte Hoteles\" \/>\n<meta property=\"article:publisher\" content=\"https:\/\/www.facebook.com\/HotelesFuerte\" \/>\n<meta property=\"article:author\" content=\"https:\/\/www.facebook.com\/hotelesfuerte\" \/>\n<meta property=\"article:published_time\" content=\"2014-02-12T15:37:11+00:00\" \/>\n<meta property=\"article:modified_time\" content=\"2020-10-06T08:41:27+00:00\" \/>\n<meta property=\"og:image\" content=\"https:\/\/blog.fuertehoteles.com\/wp-content\/uploads\/2014\/02\/file000732086000.jpg\" \/>\n\t<meta property=\"og:image:width\" content=\"640\" \/>\n\t<meta property=\"og:image:height\" content=\"420\" \/>\n\t<meta property=\"og:image:type\" content=\"image\/jpeg\" \/>\n<meta name=\"author\" content=\"Fuerte Hoteles\" \/>\n<meta name=\"twitter:card\" content=\"summary_large_image\" \/>\n<meta name=\"twitter:creator\" content=\"@https:\/\/twitter.com\/fuertehoteles\" \/>\n<meta name=\"twitter:site\" content=\"@fuertehoteles\" \/>\n<meta name=\"twitter:label1\" content=\"Verfasst von\" \/>\n\t<meta name=\"twitter:data1\" content=\"Fuerte Hoteles\" \/>\n\t<meta name=\"twitter:label2\" content=\"Gesch\u00e4tzte Lesezeit\" \/>\n\t<meta name=\"twitter:data2\" content=\"5 minutes\" \/>\n<script type=\"application\/ld+json\" class=\"yoast-schema-graph\">{\"@context\":\"https:\/\/schema.org\",\"@graph\":[{\"@type\":\"Article\",\"@id\":\"https:\/\/blog.fuertehoteles.com\/de\/aktivitaeten\/karneval-in-andalusien\/#article\",\"isPartOf\":{\"@id\":\"https:\/\/blog.fuertehoteles.com\/de\/aktivitaeten\/karneval-in-andalusien\/\"},\"author\":{\"name\":\"Fuerte Hoteles\",\"@id\":\"https:\/\/blog.fuertehoteles.com\/de\/#\/schema\/person\/2c21417ecb9c684c591d8261fce6a10d\"},\"headline\":\"5 Karnavel-Feiern in Andalusien die Sie sich nicht entgehen lassen sollten\",\"datePublished\":\"2014-02-12T15:37:11+00:00\",\"dateModified\":\"2020-10-06T08:41:27+00:00\",\"mainEntityOfPage\":{\"@id\":\"https:\/\/blog.fuertehoteles.com\/de\/aktivitaeten\/karneval-in-andalusien\/\"},\"wordCount\":1106,\"commentCount\":0,\"publisher\":{\"@id\":\"https:\/\/blog.fuertehoteles.com\/de\/#organization\"},\"keywords\":[\"andalusien\",\"feste\",\"karneval\"],\"articleSection\":[\"Aktivit\u00e4ten\"],\"inLanguage\":\"de-DE\",\"potentialAction\":[{\"@type\":\"CommentAction\",\"name\":\"Comment\",\"target\":[\"https:\/\/blog.fuertehoteles.com\/de\/aktivitaeten\/karneval-in-andalusien\/#respond\"]}]},{\"@type\":\"WebPage\",\"@id\":\"https:\/\/blog.fuertehoteles.com\/de\/aktivitaeten\/karneval-in-andalusien\/\",\"url\":\"https:\/\/blog.fuertehoteles.com\/de\/aktivitaeten\/karneval-in-andalusien\/\",\"name\":\"5 Karnavel-Feiern in Andalusien\",\"isPartOf\":{\"@id\":\"https:\/\/blog.fuertehoteles.com\/de\/#website\"},\"datePublished\":\"2014-02-12T15:37:11+00:00\",\"dateModified\":\"2020-10-06T08:41:27+00:00\",\"description\":\"Der Karneval ist eine der am\u00fcsantesten Feiern des Jahres. Andalusien f\u00fcllt sich in jeder Ecke und Stra\u00dfe mit einer gro\u00dfen Farbenpracht\",\"breadcrumb\":{\"@id\":\"https:\/\/blog.fuertehoteles.com\/de\/aktivitaeten\/karneval-in-andalusien\/#breadcrumb\"},\"inLanguage\":\"de-DE\",\"potentialAction\":[{\"@type\":\"ReadAction\",\"target\":[\"https:\/\/blog.fuertehoteles.com\/de\/aktivitaeten\/karneval-in-andalusien\/\"]}]},{\"@type\":\"BreadcrumbList\",\"@id\":\"https:\/\/blog.fuertehoteles.com\/de\/aktivitaeten\/karneval-in-andalusien\/#breadcrumb\",\"itemListElement\":[{\"@type\":\"ListItem\",\"position\":1,\"name\":\"Home\",\"item\":\"https:\/\/blog.fuertehoteles.com\/de\/\"},{\"@type\":\"ListItem\",\"position\":2,\"name\":\"5 Karnavel-Feiern in Andalusien die Sie sich nicht entgehen lassen sollten\"}]},{\"@type\":\"WebSite\",\"@id\":\"https:\/\/blog.fuertehoteles.com\/de\/#website\",\"url\":\"https:\/\/blog.fuertehoteles.com\/de\/\",\"name\":\"Blog Fuerte Hoteles\",\"description\":\"Andalucia Travel Blog, Hotel blog\",\"publisher\":{\"@id\":\"https:\/\/blog.fuertehoteles.com\/de\/#organization\"},\"potentialAction\":[{\"@type\":\"SearchAction\",\"target\":{\"@type\":\"EntryPoint\",\"urlTemplate\":\"https:\/\/blog.fuertehoteles.com\/de\/?s={search_term_string}\"},\"query-input\":\"required name=search_term_string\"}],\"inLanguage\":\"de-DE\"},{\"@type\":\"Organization\",\"@id\":\"https:\/\/blog.fuertehoteles.com\/de\/#organization\",\"name\":\"Fuerte Group Hotels\",\"url\":\"https:\/\/blog.fuertehoteles.com\/de\/\",\"logo\":{\"@type\":\"ImageObject\",\"inLanguage\":\"de-DE\",\"@id\":\"https:\/\/blog.fuertehoteles.com\/de\/#\/schema\/logo\/image\/\",\"url\":\"https:\/\/blog.fuertehoteles.com\/wp-content\/uploads\/2019\/02\/Logo_fuertegroup_ver_Gris-03.jpg\",\"contentUrl\":\"https:\/\/blog.fuertehoteles.com\/wp-content\/uploads\/2019\/02\/Logo_fuertegroup_ver_Gris-03.jpg\",\"width\":900,\"height\":900,\"caption\":\"Fuerte Group Hotels\"},\"image\":{\"@id\":\"https:\/\/blog.fuertehoteles.com\/de\/#\/schema\/logo\/image\/\"},\"sameAs\":[\"https:\/\/www.facebook.com\/HotelesFuerte\",\"https:\/\/twitter.com\/fuertehoteles\",\"https:\/\/www.instagram.com\/fuertehoteles\/\",\"https:\/\/www.pinterest.es\/fuertehoteles\/\",\"https:\/\/www.youtube.com\/user\/fuertehoteles\"]},{\"@type\":\"Person\",\"@id\":\"https:\/\/blog.fuertehoteles.com\/de\/#\/schema\/person\/2c21417ecb9c684c591d8261fce6a10d\",\"name\":\"Fuerte Hoteles\",\"image\":{\"@type\":\"ImageObject\",\"inLanguage\":\"de-DE\",\"@id\":\"https:\/\/blog.fuertehoteles.com\/de\/#\/schema\/person\/image\/\",\"url\":\"https:\/\/secure.gravatar.com\/avatar\/3927af8ad2a9791e384c3c512a1b6221?s=96&d=mm&r=g\",\"contentUrl\":\"https:\/\/secure.gravatar.com\/avatar\/3927af8ad2a9791e384c3c512a1b6221?s=96&d=mm&r=g\",\"caption\":\"Fuerte Hoteles\"},\"sameAs\":[\"https:\/\/blog.fuertehoteles.com\",\"https:\/\/www.facebook.com\/hotelesfuerte\",\"https:\/\/www.pinterest.com\/fuertehoteles\/\",\"https:\/\/twitter.com\/https:\/\/twitter.com\/fuertehoteles\",\"https:\/\/www.youtube.com\/user\/fuertehoteles\"],\"url\":\"https:\/\/blog.fuertehoteles.com\/de\/author\/carlo-piran\/\"}]}<\/script>\n<!-- \/ Yoast SEO plugin. -->","yoast_head_json":{"title":"5 Karnavel-Feiern in Andalusien","description":"Der Karneval ist eine der am\u00fcsantesten Feiern des Jahres. Andalusien f\u00fcllt sich in jeder Ecke und Stra\u00dfe mit einer gro\u00dfen Farbenpracht","robots":{"index":"index","follow":"follow","max-snippet":"max-snippet:-1","max-image-preview":"max-image-preview:large","max-video-preview":"max-video-preview:-1"},"canonical":"https:\/\/blog.fuertehoteles.com\/de\/aktivitaeten\/karneval-in-andalusien\/","og_locale":"de_DE","og_type":"article","og_title":"5 Karnavel-Feiern in Andalusien","og_description":"Der Karneval ist eine der am\u00fcsantesten Feiern des Jahres. Andalusien f\u00fcllt sich in jeder Ecke und Stra\u00dfe mit einer gro\u00dfen Farbenpracht","og_url":"https:\/\/blog.fuertehoteles.com\/de\/aktivitaeten\/karneval-in-andalusien\/","og_site_name":"Blog Fuerte Hoteles","article_publisher":"https:\/\/www.facebook.com\/HotelesFuerte","article_author":"https:\/\/www.facebook.com\/hotelesfuerte","article_published_time":"2014-02-12T15:37:11+00:00","article_modified_time":"2020-10-06T08:41:27+00:00","og_image":[{"width":640,"height":420,"url":"https:\/\/blog.fuertehoteles.com\/wp-content\/uploads\/2014\/02\/file000732086000.jpg","type":"image\/jpeg"}],"author":"Fuerte Hoteles","twitter_card":"summary_large_image","twitter_creator":"@https:\/\/twitter.com\/fuertehoteles","twitter_site":"@fuertehoteles","twitter_misc":{"Verfasst von":"Fuerte Hoteles","Gesch\u00e4tzte Lesezeit":"5 minutes"},"schema":{"@context":"https:\/\/schema.org","@graph":[{"@type":"Article","@id":"https:\/\/blog.fuertehoteles.com\/de\/aktivitaeten\/karneval-in-andalusien\/#article","isPartOf":{"@id":"https:\/\/blog.fuertehoteles.com\/de\/aktivitaeten\/karneval-in-andalusien\/"},"author":{"name":"Fuerte Hoteles","@id":"https:\/\/blog.fuertehoteles.com\/de\/#\/schema\/person\/2c21417ecb9c684c591d8261fce6a10d"},"headline":"5 Karnavel-Feiern in Andalusien die Sie sich nicht entgehen lassen sollten","datePublished":"2014-02-12T15:37:11+00:00","dateModified":"2020-10-06T08:41:27+00:00","mainEntityOfPage":{"@id":"https:\/\/blog.fuertehoteles.com\/de\/aktivitaeten\/karneval-in-andalusien\/"},"wordCount":1106,"commentCount":0,"publisher":{"@id":"https:\/\/blog.fuertehoteles.com\/de\/#organization"},"keywords":["andalusien","feste","karneval"],"articleSection":["Aktivit\u00e4ten"],"inLanguage":"de-DE","potentialAction":[{"@type":"CommentAction","name":"Comment","target":["https:\/\/blog.fuertehoteles.com\/de\/aktivitaeten\/karneval-in-andalusien\/#respond"]}]},{"@type":"WebPage","@id":"https:\/\/blog.fuertehoteles.com\/de\/aktivitaeten\/karneval-in-andalusien\/","url":"https:\/\/blog.fuertehoteles.com\/de\/aktivitaeten\/karneval-in-andalusien\/","name":"5 Karnavel-Feiern in Andalusien","isPartOf":{"@id":"https:\/\/blog.fuertehoteles.com\/de\/#website"},"datePublished":"2014-02-12T15:37:11+00:00","dateModified":"2020-10-06T08:41:27+00:00","description":"Der Karneval ist eine der am\u00fcsantesten Feiern des Jahres. Andalusien f\u00fcllt sich in jeder Ecke und Stra\u00dfe mit einer gro\u00dfen Farbenpracht","breadcrumb":{"@id":"https:\/\/blog.fuertehoteles.com\/de\/aktivitaeten\/karneval-in-andalusien\/#breadcrumb"},"inLanguage":"de-DE","potentialAction":[{"@type":"ReadAction","target":["https:\/\/blog.fuertehoteles.com\/de\/aktivitaeten\/karneval-in-andalusien\/"]}]},{"@type":"BreadcrumbList","@id":"https:\/\/blog.fuertehoteles.com\/de\/aktivitaeten\/karneval-in-andalusien\/#breadcrumb","itemListElement":[{"@type":"ListItem","position":1,"name":"Home","item":"https:\/\/blog.fuertehoteles.com\/de\/"},{"@type":"ListItem","position":2,"name":"5 Karnavel-Feiern in Andalusien die Sie sich nicht entgehen lassen sollten"}]},{"@type":"WebSite","@id":"https:\/\/blog.fuertehoteles.com\/de\/#website","url":"https:\/\/blog.fuertehoteles.com\/de\/","name":"Blog Fuerte Hoteles","description":"Andalucia Travel Blog, Hotel blog","publisher":{"@id":"https:\/\/blog.fuertehoteles.com\/de\/#organization"},"potentialAction":[{"@type":"SearchAction","target":{"@type":"EntryPoint","urlTemplate":"https:\/\/blog.fuertehoteles.com\/de\/?s={search_term_string}"},"query-input":"required name=search_term_string"}],"inLanguage":"de-DE"},{"@type":"Organization","@id":"https:\/\/blog.fuertehoteles.com\/de\/#organization","name":"Fuerte Group Hotels","url":"https:\/\/blog.fuertehoteles.com\/de\/","logo":{"@type":"ImageObject","inLanguage":"de-DE","@id":"https:\/\/blog.fuertehoteles.com\/de\/#\/schema\/logo\/image\/","url":"https:\/\/blog.fuertehoteles.com\/wp-content\/uploads\/2019\/02\/Logo_fuertegroup_ver_Gris-03.jpg","contentUrl":"https:\/\/blog.fuertehoteles.com\/wp-content\/uploads\/2019\/02\/Logo_fuertegroup_ver_Gris-03.jpg","width":900,"height":900,"caption":"Fuerte Group Hotels"},"image":{"@id":"https:\/\/blog.fuertehoteles.com\/de\/#\/schema\/logo\/image\/"},"sameAs":["https:\/\/www.facebook.com\/HotelesFuerte","https:\/\/twitter.com\/fuertehoteles","https:\/\/www.instagram.com\/fuertehoteles\/","https:\/\/www.pinterest.es\/fuertehoteles\/","https:\/\/www.youtube.com\/user\/fuertehoteles"]},{"@type":"Person","@id":"https:\/\/blog.fuertehoteles.com\/de\/#\/schema\/person\/2c21417ecb9c684c591d8261fce6a10d","name":"Fuerte Hoteles","image":{"@type":"ImageObject","inLanguage":"de-DE","@id":"https:\/\/blog.fuertehoteles.com\/de\/#\/schema\/person\/image\/","url":"https:\/\/secure.gravatar.com\/avatar\/3927af8ad2a9791e384c3c512a1b6221?s=96&d=mm&r=g","contentUrl":"https:\/\/secure.gravatar.com\/avatar\/3927af8ad2a9791e384c3c512a1b6221?s=96&d=mm&r=g","caption":"Fuerte Hoteles"},"sameAs":["https:\/\/blog.fuertehoteles.com","https:\/\/www.facebook.com\/hotelesfuerte","https:\/\/www.pinterest.com\/fuertehoteles\/","https:\/\/twitter.com\/https:\/\/twitter.com\/fuertehoteles","https:\/\/www.youtube.com\/user\/fuertehoteles"],"url":"https:\/\/blog.fuertehoteles.com\/de\/author\/carlo-piran\/"}]}},"_links":{"self":[{"href":"https:\/\/blog.fuertehoteles.com\/de\/wp-json\/wp\/v2\/posts\/28410"}],"collection":[{"href":"https:\/\/blog.fuertehoteles.com\/de\/wp-json\/wp\/v2\/posts"}],"about":[{"href":"https:\/\/blog.fuertehoteles.com\/de\/wp-json\/wp\/v2\/types\/post"}],"author":[{"embeddable":true,"href":"https:\/\/blog.fuertehoteles.com\/de\/wp-json\/wp\/v2\/users\/11"}],"replies":[{"embeddable":true,"href":"https:\/\/blog.fuertehoteles.com\/de\/wp-json\/wp\/v2\/comments?post=28410"}],"version-history":[{"count":2,"href":"https:\/\/blog.fuertehoteles.com\/de\/wp-json\/wp\/v2\/posts\/28410\/revisions"}],"predecessor-version":[{"id":51182,"href":"https:\/\/blog.fuertehoteles.com\/de\/wp-json\/wp\/v2\/posts\/28410\/revisions\/51182"}],"wp:featuredmedia":[{"embeddable":true,"href":"https:\/\/blog.fuertehoteles.com\/de\/wp-json\/wp\/v2\/media\/10712"}],"wp:attachment":[{"href":"https:\/\/blog.fuertehoteles.com\/de\/wp-json\/wp\/v2\/media?parent=28410"}],"wp:term":[{"taxonomy":"category","embeddable":true,"href":"https:\/\/blog.fuertehoteles.com\/de\/wp-json\/wp\/v2\/categories?post=28410"},{"taxonomy":"post_tag","embeddable":true,"href":"https:\/\/blog.fuertehoteles.com\/de\/wp-json\/wp\/v2\/tags?post=28410"}],"curies":[{"name":"wp","href":"https:\/\/api.w.org\/{rel}","templated":true}]}}