{"id":27215,"date":"2021-06-08T09:00:16","date_gmt":"2021-06-08T07:00:16","guid":{"rendered":"https:\/\/blog.fuertehoteles.com\/?p=27215"},"modified":"2026-09-01T12:32:25","modified_gmt":"2026-09-01T10:32:25","slug":"shopping-a-marbella","status":"publish","type":"post","link":"https:\/\/blog.fuertehoteles.com\/fr\/activites\/shopping-a-marbella\/","title":{"rendered":"Les magasins de mode indispensables pour faire du \u201cshopping\u201d \u00e0 Marbella"},"content":{"rendered":"<p><span lang=\"FR\"><strong>Si vous aimez la mode, vous avez de la chance, car rien de mieux que de faire du shopping \u00e0 Marbella.<\/strong> La ville est devenue l&#8217;un des centres d&#8217;int\u00e9r\u00eat les plus importants du \u00abshopping\u00bb. Il n&#8217;est pas n\u00e9cessaire de voyager \u00e0 Rome, Paris ou Madrid, puisque vous trouverez les meilleures boutiques de mode \u00e0 Marbella. Choisissez parmi les marques haut de gamme dans les boutiques de Puerto Banus ou dans sa vieille ville. Vous pourrez \u00e9galement trouver des boutiques de mode \u00e0 un bon prix qui combinent des conceptions de toutes les couleurs avec un bon prix. O\u00f9 que vous alliez, vous trouverez toute votre liste de courses dans les magasins de Marbella. Continuez votre lecture pour d\u00e9couvrir les meilleurs sites de shopping dans la capitale de la Costa del Sol.<\/span><\/p>\n<p>&nbsp;<\/p>\n<h2>Shopping \u00e0 Marbella<\/h2>\n<p>&nbsp;<\/p>\n<h2>Louis Vuitton<\/h2>\n<p><a href=\"https:\/\/blog.fuertehoteles.com\/wp-content\/uploads\/2014\/03\/Louis_Vuitton_marbella.jpg\"><img decoding=\"async\" class=\"alignnone size-full wp-image-14674\" src=\"https:\/\/blog.fuertehoteles.com\/wp-content\/uploads\/2015\/01\/vuitton.jpg\" alt=\"\" width=\"640\" height=\"420\" srcset=\"https:\/\/blog.fuertehoteles.com\/wp-content\/uploads\/2015\/01\/vuitton.jpg 640w, https:\/\/blog.fuertehoteles.com\/wp-content\/uploads\/2015\/01\/vuitton-300x196.jpg 300w, https:\/\/blog.fuertehoteles.com\/wp-content\/uploads\/2015\/01\/vuitton-450x295.jpg 450w\" sizes=\"(max-width: 640px) 100vw, 640px\" \/><\/a><\/p>\n<p>&nbsp;<\/p>\n<p>Ce magasin est un des plus prestigieux, en particulier en ce qui concerne les accessoires. Les sacs de <b>Louis Vuitton<\/b> sont une authentique signature du monde de la mode. La peau avec laquelle ils sont confectionn\u00e9s est une \u0153uvre d\u2019art pour chaque couture. Cette marque exclusive de luxe poss\u00e8de <b>un magasin \u00e0 Marbella.<\/b> Tout un \u00e9ventail de possibilit\u00e9s qui s\u2019offrent \u00e0 vous si vous d\u00e9sirez renouvelez votre garde-robe pour des vacances bien m\u00e9rit\u00e9es.<\/p>\n<p><strong><a href=\"http:\/\/goo.gl\/maps\/jQzqMfPYKEw\" target=\"_blank\" rel=\"noopener noreferrer\">Google Maps<\/a><\/strong><\/p>\n<p>&nbsp;<\/p>\n<h2>Mango<\/h2>\n<p><img decoding=\"async\" class=\"alignnone size-full wp-image-98588\" src=\"https:\/\/blog.fuertehoteles.com\/wp-content\/uploads\/2021\/06\/mango-tienda.jpg\" alt=\"Mango\" width=\"640\" height=\"420\" srcset=\"https:\/\/blog.fuertehoteles.com\/wp-content\/uploads\/2021\/06\/mango-tienda.jpg 640w, https:\/\/blog.fuertehoteles.com\/wp-content\/uploads\/2021\/06\/mango-tienda-300x197.jpg 300w, https:\/\/blog.fuertehoteles.com\/wp-content\/uploads\/2021\/06\/mango-tienda-600x394.jpg 600w, https:\/\/blog.fuertehoteles.com\/wp-content\/uploads\/2021\/06\/mango-tienda-450x295.jpg 450w\" sizes=\"(max-width: 640px) 100vw, 640px\" \/><\/p>\n<p>Mango poss\u00e8de une boutique dans le centre commercial La Ca\u00f1ada de Marbella, o\u00f9 vous trouverez ses collections de mode et d\u2019accessoires. L\u2019ancienne ligne Violeta by Mango a cess\u00e9 d\u2019exister en tant que marque ind\u00e9pendante en 2021 et ses mod\u00e8les ont \u00e9t\u00e9 int\u00e9gr\u00e9s \u00e0 la collection g\u00e9n\u00e9rale pour femme de Mango, dont la gamme de tailles a \u00e9galement \u00e9t\u00e9 \u00e9largie.<\/p>\n<p><strong><a href=\"https:\/\/maps.app.goo.gl\/HDpmudPSnGw1wgB27\" target=\"_blank\" rel=\"noopener noreferrer\">Google Maps<\/a><\/strong><\/p>\n<p>&nbsp;<\/p>\n<h2>Gucci<\/h2>\n<p><a href=\"https:\/\/blog.fuertehoteles.com\/wp-content\/uploads\/2014\/03\/gucci.jpg\"><img decoding=\"async\" class=\"size-full wp-image-10914\" title=\"Ir de Compras en Marbella - Gucci\" src=\"https:\/\/blog.fuertehoteles.com\/wp-content\/uploads\/2014\/03\/gucci.jpg\" alt=\"Ir de Compras en Marbella - gucci\" width=\"640\" height=\"420\" srcset=\"https:\/\/blog.fuertehoteles.com\/wp-content\/uploads\/2014\/03\/gucci.jpg 640w, https:\/\/blog.fuertehoteles.com\/wp-content\/uploads\/2014\/03\/gucci-300x196.jpg 300w, https:\/\/blog.fuertehoteles.com\/wp-content\/uploads\/2014\/03\/gucci-450x295.jpg 450w\" sizes=\"(max-width: 640px) 100vw, 640px\" \/><\/a><\/p>\n<p>Cette firme italienne s\u2019est install\u00e9e en plein c\u0153ur de la Costa del Sol. Aussi bien les hommes que les femmes peuvent choisir des articles de luxe. Mais ce n\u2019est pas tout. <b>Gucci<\/b> poss\u00e8de \u00e9galement une <b>ligne de parfums<\/b> qui ont eu un impact \u00e9norme sur le march\u00e9 depuis leur lancement. De plus, les accessoires montrent un exemple clair de ce que supposent le style et la cr\u00e9ation de la ville de Milan. Si vous vous rendez \u00e0 Marbella, n\u2019h\u00e9sitez pas \u00e0 visiter ce magasin exclusif.<\/p>\n<p><strong><a href=\"http:\/\/goo.gl\/maps\/v2e8dm18iq22\" target=\"_blank\" rel=\"noopener noreferrer\">Google Maps<\/a><\/strong><\/p>\n<p>&nbsp;<\/p>\n<h2>Stradivarius<\/h2>\n<p><img decoding=\"async\" class=\"alignnone size-full wp-image-53288\" src=\"https:\/\/blog.fuertehoteles.com\/wp-content\/uploads\/2018\/07\/stradivarius.jpg\" alt=\"Stradivarius\" width=\"640\" height=\"420\" srcset=\"https:\/\/blog.fuertehoteles.com\/wp-content\/uploads\/2018\/07\/stradivarius.jpg 640w, https:\/\/blog.fuertehoteles.com\/wp-content\/uploads\/2018\/07\/stradivarius-300x197.jpg 300w, https:\/\/blog.fuertehoteles.com\/wp-content\/uploads\/2018\/07\/stradivarius-600x394.jpg 600w, https:\/\/blog.fuertehoteles.com\/wp-content\/uploads\/2018\/07\/stradivarius-450x295.jpg 450w\" sizes=\"(max-width: 640px) 100vw, 640px\" \/><\/p>\n<p>Si ce que vous recherchez est une ligne de <b>v\u00eatements jeunes et d\u00e9contract\u00e9s <\/b>\u00e0 un bon prix, n\u2019h\u00e9sitez pas \u00e0 passer par <b>Stradivarius.<\/b> Ses images et ses vestes \u00e0 manches courtes ont tr\u00e8s connues. Le style de ce magasin joue beaucoup avec le jean et les accessoires. Vous y trouverez des bracelets et de nombreuses autres cr\u00e9ations. Si vous cherchez des bons prix, vous devez passer par ce magasin.<\/p>\n<p><strong><a href=\"https:\/\/goo.gl\/maps\/vTdZaoFBFHPyjVdn9\" target=\"_blank\" rel=\"noopener noreferrer\">Google Maps<\/a><\/strong><\/p>\n<p>&nbsp;<\/p>\n<h2>Escada<\/h2>\n<p><img decoding=\"async\" class=\"alignnone size-full wp-image-53290\" src=\"https:\/\/blog.fuertehoteles.com\/wp-content\/uploads\/2018\/07\/escada.jpg\" alt=\"Escada - Credito foto modaes.es\" width=\"640\" height=\"420\" srcset=\"https:\/\/blog.fuertehoteles.com\/wp-content\/uploads\/2018\/07\/escada.jpg 640w, https:\/\/blog.fuertehoteles.com\/wp-content\/uploads\/2018\/07\/escada-300x197.jpg 300w, https:\/\/blog.fuertehoteles.com\/wp-content\/uploads\/2018\/07\/escada-600x394.jpg 600w, https:\/\/blog.fuertehoteles.com\/wp-content\/uploads\/2018\/07\/escada-450x295.jpg 450w\" sizes=\"(max-width: 640px) 100vw, 640px\" \/><\/p>\n<p>El\u00e9gance, glamour et sensualit\u00e9. Voici les trois caract\u00e9ristiques d\u2019<b>Escada,<\/b> un magasin de luxe id\u00e9al pour les <b>robes de soir\u00e9es. <\/b>Si vous avez une soir\u00e9e de pr\u00e9vue, passez par ce magasin. D\u00e9collet\u00e9s prononc\u00e9s, robes qui s\u2019adaptent au corps, toiles de qualit\u00e9 et designs \u00e9l\u00e9gants.<b> <\/b>Si vous passez quelques jours \u00e0 Marbella, faites un tour par le magasin, achetez un de ses mod\u00e8les et pr\u00e9sentez-le lors d\u2019une des f\u00eates de la ville. Vous pouvez \u00e9galement compl\u00e9ter votre robe avec la ligne de parfums.<\/p>\n<p><strong><a href=\"https:\/\/goo.gl\/maps\/YSFV8hazRNqEtJ8J8\" target=\"_blank\" rel=\"noopener noreferrer\">Google Maps<\/a><\/strong><\/p>\n<p>&nbsp;<\/p>\n<h2>Burberry<\/h2>\n<p><img decoding=\"async\" class=\"alignnone size-full wp-image-98592\" src=\"https:\/\/blog.fuertehoteles.com\/wp-content\/uploads\/2021\/06\/burberry-puerto-banus-2.jpg\" alt=\"Burberry\" width=\"640\" height=\"420\" srcset=\"https:\/\/blog.fuertehoteles.com\/wp-content\/uploads\/2021\/06\/burberry-puerto-banus-2.jpg 640w, https:\/\/blog.fuertehoteles.com\/wp-content\/uploads\/2021\/06\/burberry-puerto-banus-2-300x197.jpg 300w, https:\/\/blog.fuertehoteles.com\/wp-content\/uploads\/2021\/06\/burberry-puerto-banus-2-600x394.jpg 600w, https:\/\/blog.fuertehoteles.com\/wp-content\/uploads\/2021\/06\/burberry-puerto-banus-2-450x295.jpg 450w\" sizes=\"(max-width: 640px) 100vw, 640px\" \/><\/p>\n<p>Si vous aimez le style britannique, ne manquez pas de faire un tour chez Burberry. Son c\u00e9l\u00e8bre motif \u00e0 carreaux est d\u00e9sormais connu dans le monde entier. La marque est \u00e9galement r\u00e9put\u00e9e pour sa collection pour hommes, tandis que ses manteaux constituent un autre de ses grands classiques. Ses cr\u00e9ations au style intemporel s\u00e9duisent des milliers de clients \u00e0 travers le monde. \u00c0 Marbella, vous trouverez Burberry \u00e0 El Corte Ingl\u00e9s Puerto Ban\u00fas.<\/p>\n<p><strong><a href=\"https:\/\/maps.app.goo.gl\/HDpmudPSnGw1wgB27\" target=\"_blank\" rel=\"noopener noreferrer\">Google Maps<\/a><\/strong><\/p>\n<p>&nbsp;<\/p>\n<h2>Lacoste<\/h2>\n<p><a href=\"https:\/\/blog.fuertehoteles.com\/wp-content\/uploads\/2014\/03\/lacoste.jpg\"><img decoding=\"async\" class=\"size-full wp-image-10916\" title=\"Ir de Compras en Marbella - Lacoste\" src=\"https:\/\/blog.fuertehoteles.com\/wp-content\/uploads\/2014\/03\/lacoste.jpg\" alt=\"Ir de Compras en Marbella - lacoste\" width=\"640\" height=\"420\" srcset=\"https:\/\/blog.fuertehoteles.com\/wp-content\/uploads\/2014\/03\/lacoste.jpg 640w, https:\/\/blog.fuertehoteles.com\/wp-content\/uploads\/2014\/03\/lacoste-300x196.jpg 300w, https:\/\/blog.fuertehoteles.com\/wp-content\/uploads\/2014\/03\/lacoste-450x295.jpg 450w\" sizes=\"(max-width: 640px) 100vw, 640px\" \/><\/a><\/p>\n<p>Le fameux crocodile <b>Lacoste <\/b>a \u00e9galement son magasin \u00e0 Marbella. Une gamme de couleurs pour cette ligne qui se distingue sp\u00e9cialement pour ces <b>polos.<\/b> Une marque c\u00e9l\u00e8bre parmi les passionn\u00e9s de golf et signe d\u2019identit\u00e9 de nombreux sportifs. Elle est plus que connue dans le monde du tennis. Si vous voulez vous habiller pour faire un peu d\u2019exercice physique ou si vous voulez des habits confortables, passez par ce magasin.<\/p>\n<p><strong><a href=\"https:\/\/goo.gl\/maps\/Lca7tgi5d6Bv62Hf6\" target=\"_blank\" rel=\"noopener noreferrer\">Google Maps<\/a><\/strong><\/p>\n<h2><\/h2>\n<h2>Oysho<\/h2>\n<p><a href=\"https:\/\/blog.fuertehoteles.com\/wp-content\/uploads\/2014\/03\/oysho.jpg\"><img decoding=\"async\" class=\"size-full wp-image-10918\" title=\"Ir de Compras en Marbella - Oysho\" src=\"https:\/\/blog.fuertehoteles.com\/wp-content\/uploads\/2014\/03\/oysho.jpg\" alt=\"Ir de Compras en Marbella - oysho\" width=\"640\" height=\"420\" srcset=\"https:\/\/blog.fuertehoteles.com\/wp-content\/uploads\/2014\/03\/oysho.jpg 640w, https:\/\/blog.fuertehoteles.com\/wp-content\/uploads\/2014\/03\/oysho-300x196.jpg 300w, https:\/\/blog.fuertehoteles.com\/wp-content\/uploads\/2014\/03\/oysho-450x295.jpg 450w\" sizes=\"(max-width: 640px) 100vw, 640px\" \/><\/a><\/p>\n<p>Si vous d\u00e9sirez des sous-v\u00eatements, visitez un des magasins les plus c\u00e9l\u00e8bres, <b>Oysho.<\/b> Vous trouverez ici une ample gamme de cr\u00e9ations qui vont des pyjamas aux motifs pour enfants \u00e0 la lingerie la plus sexy. Dentelles, estampes et sous-v\u00eatements transparents en noir ou dans les couleurs les plus folles. Un magasin \u00e0 ne pas manquer si vous d\u00e9sirez mettre \u00e0 jour vos tiroirs les plus intimes.<\/p>\n<p><strong><a href=\"http:\/\/goo.gl\/maps\/QCXvXM4xzz32\" target=\"_blank\" rel=\"noopener noreferrer\">Google Maps<\/a><\/strong><\/p>\n<p>&nbsp;<\/p>\n<h2>Boutique d\u2019enfants Tatin<\/h2>\n<p><img decoding=\"async\" class=\"alignnone size-full wp-image-20299\" src=\"https:\/\/blog.fuertehoteles.com\/wp-content\/uploads\/2016\/07\/Tatin.jpg\" alt=\"Ir de Compras en Marbella - Boutique de Ni\u00f1os Tatin\" width=\"640\" height=\"420\" \/><\/p>\n<p>La boutique pour enfants Tatin est une passion transform\u00e9e en magasin de mode pour enfant, un point de rencontre pour toutes les mamans et int\u00e9ress\u00e9es par le monde des petits qui cherchent \u00e0 combiner sophistication avec une touche d\u00e9contract\u00e9e et tendances abordables, des marques nationales et internationales et propre . Ils vous acceuilleront toujours.<\/p>\n<p><strong><a href=\"http:\/\/goo.gl\/maps\/FoXEjGvEBe22\" target=\"_blank\" rel=\"noopener noreferrer\">Google Maps<\/a><\/strong><\/p>\n<p>&nbsp;<\/p>\n<h2>Versace Puerto Ban\u00fas<\/h2>\n<p><img decoding=\"async\" class=\"alignnone size-full wp-image-20299\" src=\"https:\/\/blog.fuertehoteles.com\/wp-content\/uploads\/2015\/01\/versace.jpg\" alt=\"Ir de Compras en Marbella - Versace Puerto Ban\u00fas\" width=\"640\" height=\"420\" \/><\/p>\n<p class=\"04Cuerpo2diferente\"><span lang=\"FR\">Versace est l&#8217;une des marques les plus connues. Dans le monde de la couture et peut \u00eatre consid\u00e9r\u00e9 comme l&#8217;un des plus importants, car elle a de nombreuses ann\u00e9es sur le march\u00e9 de la conception de toutes sortes de parfums, v\u00eatements, maquillage, accessoires et m\u00eame des meubles. L&#8217;entreprise poss\u00e8de un magasin au c\u0153ur de Puerto Ban\u00fas et dispose d&#8217;un portefeuille prestigieux de clients de premi\u00e8re classe, depuis les stars du cellulo\u00efd jusqu&#8217;aux plus c\u00e9l\u00e8bres stars du rock.<\/span><\/p>\n<p><strong><a href=\"http:\/\/goo.gl\/maps\/5BFy1pyqXBy\" target=\"_blank\" rel=\"noopener noreferrer\">Google Maps<\/a><\/strong><\/p>\n<p>&nbsp;<\/p>\n<h2>Dior<\/h2>\n<p><img decoding=\"async\" class=\"alignnone size-full wp-image-53291\" src=\"https:\/\/blog.fuertehoteles.com\/wp-content\/uploads\/2018\/07\/christian-dior.jpg\" alt=\"Dior Puerto Banus - Credito foto Dior Puerto Banus\" width=\"640\" height=\"420\" srcset=\"https:\/\/blog.fuertehoteles.com\/wp-content\/uploads\/2018\/07\/christian-dior.jpg 640w, https:\/\/blog.fuertehoteles.com\/wp-content\/uploads\/2018\/07\/christian-dior-300x197.jpg 300w, https:\/\/blog.fuertehoteles.com\/wp-content\/uploads\/2018\/07\/christian-dior-600x394.jpg 600w, https:\/\/blog.fuertehoteles.com\/wp-content\/uploads\/2018\/07\/christian-dior-450x295.jpg 450w\" sizes=\"(max-width: 640px) 100vw, 640px\" \/><\/p>\n<p>Cette boutique con\u00e7oit et produit certains une partie de la haute couture la plus convoit\u00e9e du monde, ainsi que de la mode pr\u00eat-\u00e0-porter, v\u00eatements et accessoires pour hommes. Les v\u00eatements Dior ont \u00e9t\u00e9 utilis\u00e9s dans de nombreux films.<\/p>\n<p><strong><a href=\"https:\/\/goo.gl\/maps\/3iftFqzgmtvfhVP19\" target=\"_blank\" rel=\"noopener noreferrer\">Google Maps<\/a><\/strong><\/p>\n<p>&nbsp;<\/p>\n<h2>Marks &amp; Spencer<\/h2>\n<p><img decoding=\"async\" class=\"alignnone size-full wp-image-20299\" src=\"https:\/\/blog.fuertehoteles.com\/wp-content\/uploads\/2016\/07\/Mark.jpg\" alt=\"Mark &amp; Spencer\" width=\"640\" height=\"420\" \/><\/p>\n<p>Marks &amp; Spencer est une marque leader sur le march\u00e9 britannique et sa boutique \u00e0 Marbella est une r\u00e9f\u00e9rence pour tous les Anglais qui viennent en vacances. Il est situ\u00e9 au dernier \u00e9tage du centre commercial de La Ca\u00f1ada, pr\u00e8s du Cin\u00e9ma Cinesa 3D. Il poss\u00e8de une grande salle o\u00f9 il y a un zone pour les femmes, les enfants, de la lingerie, des cadeaux et un petit supermarch\u00e9 de produits britanniques qui vaut la peine d&#8217;\u00eatre visit\u00e9.<\/p>\n<p><strong><a href=\"http:\/\/goo.gl\/maps\/EXQvfoYJyV22\" target=\"_blank\" rel=\"noopener noreferrer\">Google Maps<\/a><\/strong><\/p>\n<p>&nbsp;<\/p>\n<h2>Joyer\u00eda Arte<\/h2>\n<p><img decoding=\"async\" class=\"alignnone size-full wp-image-53292\" src=\"https:\/\/blog.fuertehoteles.com\/wp-content\/uploads\/2018\/07\/joyeria-arte.jpg\" alt=\"Joyer\u00eda Arte\" width=\"640\" height=\"420\" srcset=\"https:\/\/blog.fuertehoteles.com\/wp-content\/uploads\/2018\/07\/joyeria-arte.jpg 640w, https:\/\/blog.fuertehoteles.com\/wp-content\/uploads\/2018\/07\/joyeria-arte-300x197.jpg 300w, https:\/\/blog.fuertehoteles.com\/wp-content\/uploads\/2018\/07\/joyeria-arte-600x394.jpg 600w, https:\/\/blog.fuertehoteles.com\/wp-content\/uploads\/2018\/07\/joyeria-arte-450x295.jpg 450w\" sizes=\"(max-width: 640px) 100vw, 640px\" \/><\/p>\n<p>Une excellente bijouterie pour acheter un cadeau ou pour vous faire plaisir, la marque de fabrique de ce magasin est la vari\u00e9t\u00e9 des produits, la qualit\u00e9 et des prix incroyables, de plus l&#8217;attention au client y est imbattable car ils se soucient de donner un service int\u00e9gral et personnalis\u00e9e.<\/p>\n<p>Vous le savez maintenant, en plein c\u0153ur de la Costa del Sol vous avez \u00e0 votre port\u00e9e des magasins pour tous les go\u00fbts et tous les prix. Un endroit id\u00e9al pour faire du <b>\u201cshopping\u201d<\/b> et vous faire un cadeau pendant ces jours de vacances bien m\u00e9rit\u00e9s.<\/p>\n<p><strong><a href=\"http:\/\/goo.gl\/maps\/1iTHB1byRGB2\" target=\"_blank\" rel=\"noopener noreferrer\">Google Maps<\/a><\/strong><\/p>\n<p>&nbsp;<\/p>\n<h2>El Corte Ingl\u00e9s Puerto Ban\u00fas<\/h2>\n<p><img decoding=\"async\" class=\"alignnone size-full wp-image-53293\" src=\"https:\/\/blog.fuertehoteles.com\/wp-content\/uploads\/2018\/07\/corte-ingles-puerto-banus.jpg\" alt=\"El Corte Ingl\u00e9s Puerto Ban\u00fas\" width=\"640\" height=\"420\" srcset=\"https:\/\/blog.fuertehoteles.com\/wp-content\/uploads\/2018\/07\/corte-ingles-puerto-banus.jpg 640w, https:\/\/blog.fuertehoteles.com\/wp-content\/uploads\/2018\/07\/corte-ingles-puerto-banus-300x197.jpg 300w, https:\/\/blog.fuertehoteles.com\/wp-content\/uploads\/2018\/07\/corte-ingles-puerto-banus-600x394.jpg 600w, https:\/\/blog.fuertehoteles.com\/wp-content\/uploads\/2018\/07\/corte-ingles-puerto-banus-450x295.jpg 450w\" sizes=\"(max-width: 640px) 100vw, 640px\" \/><\/p>\n<p>L\u2019un des grands magasins les plus connus d\u2019Espagne est \u00e9galement pr\u00e9sent \u00e0 Puerto Ban\u00fas. El Corte Ingl\u00e9s Marbella se trouve dans la rue Ram\u00f3n Areces et r\u00e9unit dans un m\u00eame espace mode, marques de luxe, beaut\u00e9, sport, \u00e9lectronique, maison, gastronomie et de nombreux services. Il dispose \u00e9galement d\u2019un parking et est facilement accessible en voiture comme en transports en commun. La ligne de bus L1 dessert le secteur et une station de taxis se trouve \u00e9galement \u00e0 c\u00f4t\u00e9 de l\u2019entr\u00e9e principale.<\/p>\n<ul>\n<li><strong>Sous-sol 2<\/strong> \u2013 vous y trouverez des articles de voyage, Bricor et diff\u00e9rents services.<\/li>\n<li><strong>Sous-sol 1<\/strong> \u2013 principalement consacr\u00e9 au sport, avec des espaces d\u00e9di\u00e9s au golf, au padel, au tennis, au running, au cyclisme, au fitness, aux sports de montagne et \u00e0 d\u2019autres disciplines. Vous y trouverez \u00e9galement des jouets, des services automobiles et d\u2019autres prestations.<\/li>\n<li><strong>Rez-de-chauss\u00e9e<\/strong> \u2013 il rassemble une grande partie des marques de luxe, ainsi que la mode et les accessoires pour homme, les chaussures, les sacs, la bijouterie, l\u2019horlogerie, la parfumerie et les cosm\u00e9tiques. Le supermarch\u00e9 et la parapharmacie se trouvent \u00e9galement \u00e0 cet \u00e9tage.<\/li>\n<li><strong>Premier \u00e9tage<\/strong> \u2013 mode pour femmes, jeunes et enfants, ainsi que lingerie, maillots de bain, sous-v\u00eatements, chaussures pour enfants et articles pour b\u00e9b\u00e9s.<\/li>\n<li><strong>Deuxi\u00e8me \u00e9tage<\/strong> \u2013 il regroupe l\u2019\u00e9lectronique, l\u2019informatique, l\u2019\u00e9lectrom\u00e9nager, la maison et la d\u00e9coration, les livres, la papeterie et d\u2019autres produits culturels et de loisirs. C\u2019est \u00e9galement l\u2019un des \u00e9tages o\u00f9 faire une pause pendant votre shopping, gr\u00e2ce \u00e0 ses espaces de restauration et \u00e0 son Gourmet Experience.<\/li>\n<\/ul>\n<p>Outre sa vaste offre commerciale, le centre propose de nombreux services, parmi lesquels Viajes El Corte Ingl\u00e9s, le retrait des achats, les retouches de v\u00eatements et d\u2019autres prestations pens\u00e9es pour faciliter l\u2019exp\u00e9rience de shopping.<\/p>\n<p><strong><a href=\"http:\/\/goo.gl\/maps\/gFr12vYGj3y\" target=\"_blank\" rel=\"noopener noreferrer\">Google Maps<\/a><\/strong><\/p>\n<p>&nbsp;<\/p>\n<h2>Centre commercial La Ca\u00f1ada<\/h2>\n<p><img decoding=\"async\" class=\"alignnone size-full wp-image-53294\" src=\"https:\/\/blog.fuertehoteles.com\/wp-content\/uploads\/2018\/07\/la-canada.jpg\" alt=\"Centro comercial La Ca\u00f1ada\" width=\"640\" height=\"420\" srcset=\"https:\/\/blog.fuertehoteles.com\/wp-content\/uploads\/2018\/07\/la-canada.jpg 640w, https:\/\/blog.fuertehoteles.com\/wp-content\/uploads\/2018\/07\/la-canada-300x197.jpg 300w, https:\/\/blog.fuertehoteles.com\/wp-content\/uploads\/2018\/07\/la-canada-600x394.jpg 600w, https:\/\/blog.fuertehoteles.com\/wp-content\/uploads\/2018\/07\/la-canada-450x295.jpg 450w\" sizes=\"(max-width: 640px) 100vw, 640px\" \/><\/p>\n<p><b>Le centre commercial La Ca\u00f1ada<\/b> vous offre <b>tous les types d\u2019\u00e9tablissements,<\/b> de v\u00eatements, d\u2019appareils technologiques, pour la maison et les loisirs. Si vous d\u00e9sirez renouveler votre garde-robe et que vous ne savez pas tr\u00e8s bien ce que vous devez choisir, vous trouverez ici toutes les r\u00e9ponses \u00e0 vos questions. Le parking gratuit est un des facteurs qui facilitent l\u2019acc\u00e8s \u00e0 la zone commerciale. Si vous passez par Marbella, ce lieu est une visite obligatoire pour faire vos courses.<\/p>\n<p><strong><a href=\"http:\/\/goo.gl\/maps\/nAPHhZp64qn\" target=\"_blank\" rel=\"noopener noreferrer\">Google Maps<\/a><\/strong><\/p>\n<h2><\/h2>\n<h2>Vieille ville de Marbella, un centre commercial en plein air<\/h2>\n<p><img decoding=\"async\" class=\"alignnone size-full wp-image-52461\" src=\"https:\/\/blog.fuertehoteles.com\/wp-content\/uploads\/2019\/02\/casco-antiguo-marbella-calles.jpg\" alt=\"barrios de Andaluc\u00eda\" width=\"640\" height=\"420\" srcset=\"https:\/\/blog.fuertehoteles.com\/wp-content\/uploads\/2019\/02\/casco-antiguo-marbella-calles.jpg 640w, https:\/\/blog.fuertehoteles.com\/wp-content\/uploads\/2019\/02\/casco-antiguo-marbella-calles-300x197.jpg 300w, https:\/\/blog.fuertehoteles.com\/wp-content\/uploads\/2019\/02\/casco-antiguo-marbella-calles-600x394.jpg 600w, https:\/\/blog.fuertehoteles.com\/wp-content\/uploads\/2019\/02\/casco-antiguo-marbella-calles-450x295.jpg 450w\" sizes=\"(max-width: 640px) 100vw, 640px\" \/><\/p>\n<p>Si vous voulez explorer les boutiques coquettes dans les rues \u00e9troites et les belles places, votre endroit est le centre commercial ouvert Casco Antiguo de Marbella, en plus de l&#8217;achat de produits locaux, vous profiterez d&#8217;un environnement privil\u00e9gi\u00e9 plein de vestiges historiques et de monuments.<\/p>\n<p>Le centre commercial ouvert Casco Antiguo \u00e0 Marbella se compose de plus de 400 magasins immerg\u00e9s dans un splendide espace ext\u00e9rieur qui permet aux r\u00e9sidents, touristes et visiteurs de profiter d&#8217;un m\u00e9lange unique de boutiques traditionnelles et nouvelles. Vous trouverez des magasins sp\u00e9cialis\u00e9s qui offrent de l&#8217;huile d&#8217;olive jusqu&#8217;aux souvenirs, en passant par la dentelle et la poterie d&#8217;artisans locaux.<\/p>\n<p><a href=\"http:\/\/goo.gl\/maps\/4MnpHrCrGWE2\" target=\"_blank\" rel=\"noopener\"><strong>Google Maps<\/strong><\/a><\/p>\n<p>&nbsp;<\/p>\n<h2>Un march\u00e9 chaque jour de la semaine<\/h2>\n<p><img decoding=\"async\" class=\"alignnone wp-image-53314 size-full\" src=\"https:\/\/blog.fuertehoteles.com\/wp-content\/uploads\/2018\/07\/mercadillos-costa-del-sol.jpg\" alt=\"march\u00e9 Costa del Sol\" width=\"640\" height=\"420\" srcset=\"https:\/\/blog.fuertehoteles.com\/wp-content\/uploads\/2018\/07\/mercadillos-costa-del-sol.jpg 640w, https:\/\/blog.fuertehoteles.com\/wp-content\/uploads\/2018\/07\/mercadillos-costa-del-sol-300x197.jpg 300w, https:\/\/blog.fuertehoteles.com\/wp-content\/uploads\/2018\/07\/mercadillos-costa-del-sol-600x394.jpg 600w, https:\/\/blog.fuertehoteles.com\/wp-content\/uploads\/2018\/07\/mercadillos-costa-del-sol-450x295.jpg 450w\" sizes=\"(max-width: 640px) 100vw, 640px\" \/><\/p>\n<p>Comme vous pouvez le voir sur la Costa del Sol, nous avons des march\u00e9s pour tout le monde, dans toutes les municipalit\u00e9s et tous les jours de la semaine<\/p>\n<p><strong>Lundi<\/strong><\/p>\n<ul>\n<li><strong>Le March\u00e9 de Marbella<\/strong> dans l\u2019enceinte de la foire de Marbella (<a href=\"https:\/\/goo.gl\/maps\/4kuEdd2PodhkvLDg9\" target=\"_blank\" rel=\"noopener\"><strong>Google Maps<\/strong><\/a>). Il a environ 365 stands et vous y trouverez de tout depuis les fruits et l\u00e9gumes frais jusqu\u2019aux v\u00eatements et chaussures.<\/li>\n<\/ul>\n<p><strong>\u00a0<\/strong><strong>Mardi<\/strong><\/p>\n<ul>\n<li><strong>Le march\u00e9 de Fuengirola<\/strong> dans l\u2019Enceinte De la foire de Marbella (<a href=\"http:\/\/goo.gl\/maps\/Mn46jnK65a82\" target=\"_blank\" rel=\"noopener\"><strong>Google Maps<\/strong>)<\/a>. Celui-ci est consid\u00e9r\u00e9 comme l\u2019un des meilleurs et des plus grands march\u00e9s en Andalousie, car il a plus de 470 stands, donc vous y trouverez toute sorte de chose.<\/li>\n<\/ul>\n<p><strong>\u00a0<\/strong><strong>Mercredi<\/strong><\/p>\n<ul>\n<li><strong>Le march\u00e9 de La Cala de Mijas<\/strong> au parc des expositions de La Cala (<a href=\"http:\/\/goo.gl\/maps\/Tpx8jUxMQeP2\" target=\"_blank\" rel=\"noopener\"><strong>Google Maps<\/strong><\/a><a href=\"http:\/\/goo.gl\/maps\/Mn46jnK65a82\">)<\/a>. Il est \u00e9galement consid\u00e9r\u00e9 comme l\u2019un des meilleurs de la Costa del Sol puisque les prix sont tout \u00e0 fait raisonnables et compte environ 114 stands.<\/li>\n<li><strong>Rastro de La Paloma<\/strong> dans le parc des expositions de La Paloma \u00e0 Benalm\u00e1dena (<a href=\"http:\/\/goo.gl\/maps\/QQ6398MwWcK2\" target=\"_blank\" rel=\"noopener\"><strong>Google Maps<\/strong><\/a><a href=\"http:\/\/goo.gl\/maps\/Mn46jnK65a82\">)<\/a>. L\u00e0-bas toutes sortes de biens d\u2019occasion sont vendus et c\u2019est un march\u00e9 plut\u00f4t international.<\/li>\n<\/ul>\n<p><img decoding=\"async\" class=\"alignnone size-full wp-image-97530\" src=\"https:\/\/blog.fuertehoteles.com\/wp-content\/uploads\/2021\/11\/mercadillo-nueva-andalucia-2.jpg\" alt=\"Mercadillo de Nueva Andalucia\" width=\"640\" height=\"420\" srcset=\"https:\/\/blog.fuertehoteles.com\/wp-content\/uploads\/2021\/11\/mercadillo-nueva-andalucia-2.jpg 640w, https:\/\/blog.fuertehoteles.com\/wp-content\/uploads\/2021\/11\/mercadillo-nueva-andalucia-2-300x197.jpg 300w, https:\/\/blog.fuertehoteles.com\/wp-content\/uploads\/2021\/11\/mercadillo-nueva-andalucia-2-600x394.jpg 600w, https:\/\/blog.fuertehoteles.com\/wp-content\/uploads\/2021\/11\/mercadillo-nueva-andalucia-2-450x295.jpg 450w\" sizes=\"(max-width: 640px) 100vw, 640px\" \/><\/p>\n<p><strong>\u00a0<\/strong><strong>Jeudi<\/strong><\/p>\n<ul>\n<li><strong>Le march\u00e9 de Torremolinos<\/strong> dans le parc des expositions \u00e0 Torremolinos (<a href=\"http:\/\/goo.gl\/maps\/uZ8zossGwoQ2\"><strong>Google Maps<\/strong><\/a><a href=\"http:\/\/goo.gl\/maps\/Mn46jnK65a82\">)<\/a>. Il y a environ 230 stands et se vendent aussi bien des \u00e9pices, des souvenirs et des v\u00eatements.<\/li>\n<\/ul>\n<p><strong>\u00a0<\/strong><strong>Vendredi<\/strong>:<\/p>\n<ul>\n<li><strong>March\u00e9 de Benalm\u00e1dena<\/strong> sur l\u2019esplanade de T\u00edvoli, Avenida del Manantial, (<a href=\"https:\/\/maps.app.goo.gl\/iRBQVHcAzB988DFD7\" target=\"_blank\" rel=\"noopener\"><strong>Google Maps<\/strong><\/a><a href=\"http:\/\/goo.gl\/maps\/Mn46jnK65a82\">)<\/a>. Il se tient le vendredi de 9h00 \u00e0 14h00 et propose des stands de textiles, de c\u00e9ramique, de produits alimentaires et d\u2019autres articles. Par ailleurs, un march\u00e9 de fruits et l\u00e9gumes se tient \u00e9galement le m\u00eame jour et aux m\u00eames horaires au Recinto Ferial La Paloma.<\/li>\n<\/ul>\n<p><strong>\u00a0<\/strong><strong>Samedi<\/strong>:<\/p>\n<ul>\n<li><strong>March\u00e9 de Las Lagunas<\/strong> Camino Campanales (<a href=\"https:\/\/maps.app.goo.gl\/cxS7MnsPLqKKGcG5A\" target=\"_blank\" rel=\"noopener\"><strong>Google Maps<\/strong><\/a><a href=\"http:\/\/goo.gl\/maps\/Mn46jnK65a82\">)<\/a>. Las Lagunas malgr\u00e9 leur appartenance \u00e0 Mijas Costa ne sont pas loin de Fuengirola. C\u2019est un bon march\u00e9 sp\u00e9cialis\u00e9 dans les fruits et l\u00e9gumes, mais vous y trouverez des textiles et d\u2019autres produits tels que les suppl\u00e9ments. Il y a environ 100 stands.<\/li>\n<li><strong>Le March\u00e9 de La Cala de Mijas<\/strong> au parc des expositions de La Cala. C\u2019est le m\u00eame march\u00e9 qui se tient le mercredi au m\u00eame endroit.<\/li>\n<li><strong>Le march\u00e9 aux puces de Puerto Banus<\/strong> sur le boulevard de la renomm\u00e9e (<a href=\"http:\/\/goo.gl\/maps\/m7Q9FSCRHJ42\" target=\"_blank\" rel=\"noopener\"><strong>Google Maps<\/strong><\/a><a href=\"http:\/\/goo.gl\/maps\/Mn46jnK65a82\">)<\/a>. Vous y trouverez des souvenirs, des fruits et l\u00e9gumes frais, \u00e9pices, v\u00eatements, chaussures, artisanat, bijoux et plus encore. Nombreux sont ceux qui disent que c\u2019est un march\u00e9 de haute qualit\u00e9.<\/li>\n<\/ul>\n<p><strong>\u00a0<\/strong><strong>Dimanche<\/strong><\/p>\n<ul>\n<li><strong>March\u00e9 de Fuengirola.<\/strong> Il se tient tous les dimanches dans la rue M\u00e9ndez N\u00fa\u00f1ez, derri\u00e8re la mosqu\u00e9e et \u00e0 c\u00f4t\u00e9 du parc Do\u00f1a Sof\u00eda (<strong><a href=\"https:\/\/maps.app.goo.gl\/UiUwBtWpv2tg8UHm9\" target=\"_blank\" rel=\"noopener\">Google Maps<\/a><\/strong>). Il est ouvert approximativement de 9 h 00 \u00e0 14 h 00 et propose des stands de v\u00eatements, chaussures, artisanat, bijoux fantaisie, sacs, c\u00e9ramiques, cadeaux et autres articles..<\/li>\n<\/ul>\n<p>&nbsp;<\/p>\n<h2>Conseils et suggestions pour faire du shopping \u00e0 Marbella<\/h2>\n<p><img decoding=\"async\" class=\"alignnone size-full wp-image-98580\" src=\"https:\/\/blog.fuertehoteles.com\/wp-content\/uploads\/2021\/06\/marbella-shopping.jpg\" alt=\"Ir de compras en Marbella\" width=\"640\" height=\"420\" srcset=\"https:\/\/blog.fuertehoteles.com\/wp-content\/uploads\/2021\/06\/marbella-shopping.jpg 640w, https:\/\/blog.fuertehoteles.com\/wp-content\/uploads\/2021\/06\/marbella-shopping-300x197.jpg 300w, https:\/\/blog.fuertehoteles.com\/wp-content\/uploads\/2021\/06\/marbella-shopping-600x394.jpg 600w, https:\/\/blog.fuertehoteles.com\/wp-content\/uploads\/2021\/06\/marbella-shopping-450x295.jpg 450w\" sizes=\"(max-width: 640px) 100vw, 640px\" \/><\/p>\n<p>Faire du shopping \u00e0 Marbella peut \u00eatre une activit\u00e9 id\u00e9ale pour compl\u00e9ter vos vacances. Boutiques de luxe, grandes marques, petits commerces traditionnels et march\u00e9s offrent des possibilit\u00e9s pour tous les go\u00fbts et tous les budgets. Si vous voulez profiter au maximum de votre journ\u00e9e de \u00ab shopping \u00bb, prenez note de ces quelques conseils.<\/p>\n<p>&nbsp;<\/p>\n<p><strong>Choisissez le quartier en fonction de ce que vous recherchez<\/strong><\/p>\n<p>Avant de partir faire les magasins, r\u00e9fl\u00e9chissez au type de boutiques que vous souhaitez visiter. Si vous recherchez des marques de luxe et de grandes enseignes internationales, Puerto Ban\u00fas est l\u2019un des endroits incontournables. Pour d\u00e9couvrir de petits commerces, de l\u2019artisanat et des produits locaux, rien de tel que de se perdre dans les rues de la vieille ville. Vous pouvez \u00e9galement vous rendre sur l\u2019avenue Ricardo Soriano ou visiter des centres commerciaux comme La Ca\u00f1ada, o\u00f9 vous trouverez un grand choix de boutiques.<\/p>\n<p><strong>Consultez les horaires avant de partir<\/strong><\/p>\n<p>Les horaires peuvent varier selon les \u00e9tablissements, la p\u00e9riode de l\u2019ann\u00e9e ou les jours f\u00e9ri\u00e9s. Avant de vous rendre dans une boutique en particulier, consultez son site Internet ou son profil officiel pour v\u00e9rifier ses horaires d\u2019ouverture. Faites de m\u00eame pour les march\u00e9s, surtout si votre s\u00e9jour co\u00efncide avec une f\u00eate locale.<\/p>\n<p><strong>Visitez les march\u00e9s le matin<\/strong><\/p>\n<p>Si vous aimez les march\u00e9s, r\u00e9servez une matin\u00e9e pour d\u00e9couvrir l\u2019un de ceux qui se tiennent \u00e0 Marbella et dans les environs. Vous y trouverez aussi bien des v\u00eatements et des accessoires que de l\u2019artisanat, des produits frais et des objets de d\u00e9coration. Le mieux est d\u2019y aller assez t\u00f4t pour parcourir tranquillement les stands et peut-\u00eatre d\u00e9nicher une bonne affaire.<\/p>\n<p><img decoding=\"async\" class=\"alignnone size-full wp-image-97547\" src=\"https:\/\/blog.fuertehoteles.com\/wp-content\/uploads\/2021\/11\/mercadillos-marbella-1.jpg\" alt=\"Mercadillo de Puerto Banus\" width=\"640\" height=\"420\" srcset=\"https:\/\/blog.fuertehoteles.com\/wp-content\/uploads\/2021\/11\/mercadillos-marbella-1.jpg 640w, https:\/\/blog.fuertehoteles.com\/wp-content\/uploads\/2021\/11\/mercadillos-marbella-1-300x197.jpg 300w, https:\/\/blog.fuertehoteles.com\/wp-content\/uploads\/2021\/11\/mercadillos-marbella-1-600x394.jpg 600w, https:\/\/blog.fuertehoteles.com\/wp-content\/uploads\/2021\/11\/mercadillos-marbella-1-450x295.jpg 450w\" sizes=\"(max-width: 640px) 100vw, 640px\" \/><\/p>\n<p><strong>\u00c9vitez les heures les plus chaudes<\/strong><\/p>\n<p>Pendant les mois d\u2019\u00e9t\u00e9, essayez de faire vos achats t\u00f4t le matin ou en fin d\u2019apr\u00e8s-midi, surtout si vous pr\u00e9voyez de parcourir \u00e0 pied la vieille ville ou Puerto Ban\u00fas. Vous profiterez ainsi de temp\u00e9ratures plus agr\u00e9ables et pourrez combiner votre s\u00e9ance de shopping avec une promenade et une pause sur l\u2019une des nombreuses terrasses.<\/p>\n<p><strong>Conservez vos tickets de caisse<\/strong><\/p>\n<p>Conservez les tickets de caisse de vos achats, surtout si vous achetez des v\u00eatements, des accessoires ou des articles d\u2019une certaine valeur. Ils vous seront utiles si vous devez effectuer un \u00e9change ou un retour. Pensez \u00e9galement \u00e0 v\u00e9rifier les conditions de chaque \u00e9tablissement, car elles peuvent varier d\u2019une boutique \u00e0 l\u2019autre.<\/p>\n<p><strong>Renseignez-vous sur la d\u00e9taxe (Tax Free)<\/strong><\/p>\n<p>Si vous r\u00e9sidez habituellement en dehors de l\u2019Union europ\u00e9enne, vous pouvez avoir droit au remboursement de la TVA sur les achats effectu\u00e9s pendant votre s\u00e9jour. Signalez-le au magasin au moment de l\u2019achat et conservez les documents qui vous seront remis. N\u2019oubliez pas que vous devez remplir les conditions requises et quitter l\u2019Union europ\u00e9enne avec les produits achet\u00e9s dans les trois mois suivant leur achat.<\/p>\n<p>&nbsp;<\/p>\n<h2>O\u00d9 SE LOGER<\/h2>\n<div id=\"attachment_95300\" style=\"width: 650px\" class=\"wp-caption alignnone\"><img aria-describedby=\"caption-attachment-95300\" decoding=\"async\" class=\"size-full wp-image-95300\" src=\"https:\/\/blog.fuertehoteles.com\/wp-content\/uploads\/2023\/12\/hotel-el-fuerte-marbellla-noche.jpg\" alt=\"El Fuerte Marbella\" width=\"640\" height=\"420\" srcset=\"https:\/\/blog.fuertehoteles.com\/wp-content\/uploads\/2023\/12\/hotel-el-fuerte-marbellla-noche.jpg 640w, https:\/\/blog.fuertehoteles.com\/wp-content\/uploads\/2023\/12\/hotel-el-fuerte-marbellla-noche-300x197.jpg 300w, https:\/\/blog.fuertehoteles.com\/wp-content\/uploads\/2023\/12\/hotel-el-fuerte-marbellla-noche-600x394.jpg 600w, https:\/\/blog.fuertehoteles.com\/wp-content\/uploads\/2023\/12\/hotel-el-fuerte-marbellla-noche-450x295.jpg 450w\" sizes=\"(max-width: 640px) 100vw, 640px\" \/><p id=\"caption-attachment-95300\" class=\"wp-caption-text\">El Fuerte Marbella<\/p><\/div>\n<p>Si vous vous d\u00e9cidez pour <b>Marbella<\/b> pour faire vos courses, n\u2019h\u00e9sitez pas \u00e0 vous h\u00e9berger \u00e0 <b><a href=\"https:\/\/www.elfuertemarbella.com\/fr\/\" target=\"_blank\" rel=\"noopener noreferrer\">El Fuerte Marbella<\/a>. <\/b>Cet \u00e9tablissement du centre de Marbella sont \u00e0 quelques pas du centre historique de la ville, un endroit plein de magasins, de restaurants et de terrasses.<\/p>\n<p>&nbsp;<\/p>\n<p>&nbsp;<\/p>\n","protected":false},"excerpt":{"rendered":"<p>Si vous aimez la mode, vous avez de la chance, car rien de mieux que de faire du shopping \u00e0 Marbella. La ville est devenue l&#8217;un des centres d&#8217;int\u00e9r\u00eat les plus importants du \u00abshopping\u00bb. Il n&#8217;est pas n\u00e9cessaire de voyager \u00e0 Rome, Paris ou Madrid, puisque vous trouverez les meilleures boutiques de mode \u00e0 Marbella. [&hellip;]<\/p>\n","protected":false},"author":11,"featured_media":53317,"comment_status":"open","ping_status":"open","sticky":false,"template":"","format":"standard","meta":[],"categories":[7],"tags":[521,534,460],"acf":[],"yoast_head":"<!-- This site is optimized with the Yoast SEO plugin v21.1 - https:\/\/yoast.com\/wordpress\/plugins\/seo\/ -->\n<title>Shopping \u00e0 Marbella, les meilleurs magasins de mode \u00e0 Marbella<\/title>\n<meta name=\"description\" content=\"Si vous aimez la mode, il n\u2019y a rien de mieux que d\u2019aller faire du shopping \u00e0 Marbella. La ville est devenue un des points les plus importants du shopping\" \/>\n<meta name=\"robots\" content=\"index, follow, max-snippet:-1, max-image-preview:large, max-video-preview:-1\" \/>\n<link rel=\"canonical\" href=\"https:\/\/blog.fuertehoteles.com\/fr\/activites\/shopping-a-marbella\/\" \/>\n<meta property=\"og:locale\" content=\"fr_FR\" \/>\n<meta property=\"og:type\" content=\"article\" \/>\n<meta property=\"og:title\" content=\"Shopping \u00e0 Marbella, les meilleurs magasins de mode \u00e0 Marbella\" \/>\n<meta property=\"og:description\" content=\"Si vous aimez la mode, il n\u2019y a rien de mieux que d\u2019aller faire du shopping \u00e0 Marbella. La ville est devenue un des points les plus importants du shopping\" \/>\n<meta property=\"og:url\" content=\"https:\/\/blog.fuertehoteles.com\/fr\/activites\/shopping-a-marbella\/\" \/>\n<meta property=\"og:site_name\" content=\"Blog Fuerte Hoteles\" \/>\n<meta property=\"article:publisher\" content=\"https:\/\/www.facebook.com\/HotelesFuerte\" \/>\n<meta property=\"article:author\" content=\"https:\/\/www.facebook.com\/hotelesfuerte\" \/>\n<meta property=\"article:published_time\" content=\"2021-06-08T07:00:16+00:00\" \/>\n<meta property=\"article:modified_time\" content=\"2026-09-01T10:32:25+00:00\" \/>\n<meta property=\"og:image\" content=\"https:\/\/blog.fuertehoteles.com\/wp-content\/uploads\/2018\/07\/compras-marbella-1.jpg\" \/>\n\t<meta property=\"og:image:width\" content=\"640\" \/>\n\t<meta property=\"og:image:height\" content=\"420\" \/>\n\t<meta property=\"og:image:type\" content=\"image\/jpeg\" \/>\n<meta name=\"author\" content=\"Fuerte Hoteles\" \/>\n<meta name=\"twitter:card\" content=\"summary_large_image\" \/>\n<meta name=\"twitter:creator\" content=\"@https:\/\/twitter.com\/fuertehoteles\" \/>\n<meta name=\"twitter:site\" content=\"@fuertehoteles\" \/>\n<meta name=\"twitter:label1\" content=\"\u00c9crit par\" \/>\n\t<meta name=\"twitter:data1\" content=\"Fuerte Hoteles\" \/>\n\t<meta name=\"twitter:label2\" content=\"Dur\u00e9e de lecture estim\u00e9e\" \/>\n\t<meta name=\"twitter:data2\" content=\"16 minutes\" \/>\n<script type=\"application\/ld+json\" class=\"yoast-schema-graph\">{\"@context\":\"https:\/\/schema.org\",\"@graph\":[{\"@type\":\"Article\",\"@id\":\"https:\/\/blog.fuertehoteles.com\/fr\/activites\/shopping-a-marbella\/#article\",\"isPartOf\":{\"@id\":\"https:\/\/blog.fuertehoteles.com\/fr\/activites\/shopping-a-marbella\/\"},\"author\":{\"name\":\"Fuerte Hoteles\",\"@id\":\"https:\/\/blog.fuertehoteles.com\/fr\/#\/schema\/person\/2c21417ecb9c684c591d8261fce6a10d\"},\"headline\":\"Les magasins de mode indispensables pour faire du \u201cshopping\u201d \u00e0 Marbella\",\"datePublished\":\"2021-06-08T07:00:16+00:00\",\"dateModified\":\"2026-09-01T10:32:25+00:00\",\"mainEntityOfPage\":{\"@id\":\"https:\/\/blog.fuertehoteles.com\/fr\/activites\/shopping-a-marbella\/\"},\"wordCount\":2829,\"commentCount\":0,\"publisher\":{\"@id\":\"https:\/\/blog.fuertehoteles.com\/fr\/#organization\"},\"keywords\":[\"Hotel Fuerte Marbella\",\"marbella\",\"shopping\"],\"articleSection\":[\"Activit\u00e9s\"],\"inLanguage\":\"fr-FR\",\"potentialAction\":[{\"@type\":\"CommentAction\",\"name\":\"Comment\",\"target\":[\"https:\/\/blog.fuertehoteles.com\/fr\/activites\/shopping-a-marbella\/#respond\"]}]},{\"@type\":\"WebPage\",\"@id\":\"https:\/\/blog.fuertehoteles.com\/fr\/activites\/shopping-a-marbella\/\",\"url\":\"https:\/\/blog.fuertehoteles.com\/fr\/activites\/shopping-a-marbella\/\",\"name\":\"Shopping \u00e0 Marbella, les meilleurs magasins de mode \u00e0 Marbella\",\"isPartOf\":{\"@id\":\"https:\/\/blog.fuertehoteles.com\/fr\/#website\"},\"datePublished\":\"2021-06-08T07:00:16+00:00\",\"dateModified\":\"2026-09-01T10:32:25+00:00\",\"description\":\"Si vous aimez la mode, il n\u2019y a rien de mieux que d\u2019aller faire du shopping \u00e0 Marbella. La ville est devenue un des points les plus importants du shopping\",\"breadcrumb\":{\"@id\":\"https:\/\/blog.fuertehoteles.com\/fr\/activites\/shopping-a-marbella\/#breadcrumb\"},\"inLanguage\":\"fr-FR\",\"potentialAction\":[{\"@type\":\"ReadAction\",\"target\":[\"https:\/\/blog.fuertehoteles.com\/fr\/activites\/shopping-a-marbella\/\"]}]},{\"@type\":\"BreadcrumbList\",\"@id\":\"https:\/\/blog.fuertehoteles.com\/fr\/activites\/shopping-a-marbella\/#breadcrumb\",\"itemListElement\":[{\"@type\":\"ListItem\",\"position\":1,\"name\":\"Home\",\"item\":\"https:\/\/blog.fuertehoteles.com\/fr\/\"},{\"@type\":\"ListItem\",\"position\":2,\"name\":\"Les magasins de mode indispensables pour faire du \u201cshopping\u201d \u00e0 Marbella\"}]},{\"@type\":\"WebSite\",\"@id\":\"https:\/\/blog.fuertehoteles.com\/fr\/#website\",\"url\":\"https:\/\/blog.fuertehoteles.com\/fr\/\",\"name\":\"Blog Fuerte Hoteles\",\"description\":\"Blog de Voyage de Andalousie, H\u00f4tel blog\",\"publisher\":{\"@id\":\"https:\/\/blog.fuertehoteles.com\/fr\/#organization\"},\"potentialAction\":[{\"@type\":\"SearchAction\",\"target\":{\"@type\":\"EntryPoint\",\"urlTemplate\":\"https:\/\/blog.fuertehoteles.com\/fr\/?s={search_term_string}\"},\"query-input\":\"required name=search_term_string\"}],\"inLanguage\":\"fr-FR\"},{\"@type\":\"Organization\",\"@id\":\"https:\/\/blog.fuertehoteles.com\/fr\/#organization\",\"name\":\"Fuerte Group Hotels\",\"url\":\"https:\/\/blog.fuertehoteles.com\/fr\/\",\"logo\":{\"@type\":\"ImageObject\",\"inLanguage\":\"fr-FR\",\"@id\":\"https:\/\/blog.fuertehoteles.com\/fr\/#\/schema\/logo\/image\/\",\"url\":\"https:\/\/blog.fuertehoteles.com\/wp-content\/uploads\/2019\/02\/Logo_fuertegroup_ver_Gris-03.jpg\",\"contentUrl\":\"https:\/\/blog.fuertehoteles.com\/wp-content\/uploads\/2019\/02\/Logo_fuertegroup_ver_Gris-03.jpg\",\"width\":900,\"height\":900,\"caption\":\"Fuerte Group Hotels\"},\"image\":{\"@id\":\"https:\/\/blog.fuertehoteles.com\/fr\/#\/schema\/logo\/image\/\"},\"sameAs\":[\"https:\/\/www.facebook.com\/HotelesFuerte\",\"https:\/\/twitter.com\/fuertehoteles\",\"https:\/\/www.instagram.com\/fuertehoteles\/\",\"https:\/\/www.pinterest.es\/fuertehoteles\/\",\"https:\/\/www.youtube.com\/user\/fuertehoteles\"]},{\"@type\":\"Person\",\"@id\":\"https:\/\/blog.fuertehoteles.com\/fr\/#\/schema\/person\/2c21417ecb9c684c591d8261fce6a10d\",\"name\":\"Fuerte Hoteles\",\"image\":{\"@type\":\"ImageObject\",\"inLanguage\":\"fr-FR\",\"@id\":\"https:\/\/blog.fuertehoteles.com\/fr\/#\/schema\/person\/image\/\",\"url\":\"https:\/\/secure.gravatar.com\/avatar\/3927af8ad2a9791e384c3c512a1b6221?s=96&d=mm&r=g\",\"contentUrl\":\"https:\/\/secure.gravatar.com\/avatar\/3927af8ad2a9791e384c3c512a1b6221?s=96&d=mm&r=g\",\"caption\":\"Fuerte Hoteles\"},\"sameAs\":[\"https:\/\/blog.fuertehoteles.com\",\"https:\/\/www.facebook.com\/hotelesfuerte\",\"https:\/\/www.pinterest.com\/fuertehoteles\/\",\"https:\/\/twitter.com\/https:\/\/twitter.com\/fuertehoteles\",\"https:\/\/www.youtube.com\/user\/fuertehoteles\"],\"url\":\"https:\/\/blog.fuertehoteles.com\/fr\/author\/carlo-piran\/\"}]}<\/script>\n<!-- \/ Yoast SEO plugin. -->","yoast_head_json":{"title":"Shopping \u00e0 Marbella, les meilleurs magasins de mode \u00e0 Marbella","description":"Si vous aimez la mode, il n\u2019y a rien de mieux que d\u2019aller faire du shopping \u00e0 Marbella. La ville est devenue un des points les plus importants du shopping","robots":{"index":"index","follow":"follow","max-snippet":"max-snippet:-1","max-image-preview":"max-image-preview:large","max-video-preview":"max-video-preview:-1"},"canonical":"https:\/\/blog.fuertehoteles.com\/fr\/activites\/shopping-a-marbella\/","og_locale":"fr_FR","og_type":"article","og_title":"Shopping \u00e0 Marbella, les meilleurs magasins de mode \u00e0 Marbella","og_description":"Si vous aimez la mode, il n\u2019y a rien de mieux que d\u2019aller faire du shopping \u00e0 Marbella. La ville est devenue un des points les plus importants du shopping","og_url":"https:\/\/blog.fuertehoteles.com\/fr\/activites\/shopping-a-marbella\/","og_site_name":"Blog Fuerte Hoteles","article_publisher":"https:\/\/www.facebook.com\/HotelesFuerte","article_author":"https:\/\/www.facebook.com\/hotelesfuerte","article_published_time":"2021-06-08T07:00:16+00:00","article_modified_time":"2026-09-01T10:32:25+00:00","og_image":[{"width":640,"height":420,"url":"https:\/\/blog.fuertehoteles.com\/wp-content\/uploads\/2018\/07\/compras-marbella-1.jpg","type":"image\/jpeg"}],"author":"Fuerte Hoteles","twitter_card":"summary_large_image","twitter_creator":"@https:\/\/twitter.com\/fuertehoteles","twitter_site":"@fuertehoteles","twitter_misc":{"\u00c9crit par":"Fuerte Hoteles","Dur\u00e9e de lecture estim\u00e9e":"16 minutes"},"schema":{"@context":"https:\/\/schema.org","@graph":[{"@type":"Article","@id":"https:\/\/blog.fuertehoteles.com\/fr\/activites\/shopping-a-marbella\/#article","isPartOf":{"@id":"https:\/\/blog.fuertehoteles.com\/fr\/activites\/shopping-a-marbella\/"},"author":{"name":"Fuerte Hoteles","@id":"https:\/\/blog.fuertehoteles.com\/fr\/#\/schema\/person\/2c21417ecb9c684c591d8261fce6a10d"},"headline":"Les magasins de mode indispensables pour faire du \u201cshopping\u201d \u00e0 Marbella","datePublished":"2021-06-08T07:00:16+00:00","dateModified":"2026-09-01T10:32:25+00:00","mainEntityOfPage":{"@id":"https:\/\/blog.fuertehoteles.com\/fr\/activites\/shopping-a-marbella\/"},"wordCount":2829,"commentCount":0,"publisher":{"@id":"https:\/\/blog.fuertehoteles.com\/fr\/#organization"},"keywords":["Hotel Fuerte Marbella","marbella","shopping"],"articleSection":["Activit\u00e9s"],"inLanguage":"fr-FR","potentialAction":[{"@type":"CommentAction","name":"Comment","target":["https:\/\/blog.fuertehoteles.com\/fr\/activites\/shopping-a-marbella\/#respond"]}]},{"@type":"WebPage","@id":"https:\/\/blog.fuertehoteles.com\/fr\/activites\/shopping-a-marbella\/","url":"https:\/\/blog.fuertehoteles.com\/fr\/activites\/shopping-a-marbella\/","name":"Shopping \u00e0 Marbella, les meilleurs magasins de mode \u00e0 Marbella","isPartOf":{"@id":"https:\/\/blog.fuertehoteles.com\/fr\/#website"},"datePublished":"2021-06-08T07:00:16+00:00","dateModified":"2026-09-01T10:32:25+00:00","description":"Si vous aimez la mode, il n\u2019y a rien de mieux que d\u2019aller faire du shopping \u00e0 Marbella. La ville est devenue un des points les plus importants du shopping","breadcrumb":{"@id":"https:\/\/blog.fuertehoteles.com\/fr\/activites\/shopping-a-marbella\/#breadcrumb"},"inLanguage":"fr-FR","potentialAction":[{"@type":"ReadAction","target":["https:\/\/blog.fuertehoteles.com\/fr\/activites\/shopping-a-marbella\/"]}]},{"@type":"BreadcrumbList","@id":"https:\/\/blog.fuertehoteles.com\/fr\/activites\/shopping-a-marbella\/#breadcrumb","itemListElement":[{"@type":"ListItem","position":1,"name":"Home","item":"https:\/\/blog.fuertehoteles.com\/fr\/"},{"@type":"ListItem","position":2,"name":"Les magasins de mode indispensables pour faire du \u201cshopping\u201d \u00e0 Marbella"}]},{"@type":"WebSite","@id":"https:\/\/blog.fuertehoteles.com\/fr\/#website","url":"https:\/\/blog.fuertehoteles.com\/fr\/","name":"Blog Fuerte Hoteles","description":"Blog de Voyage de Andalousie, H\u00f4tel blog","publisher":{"@id":"https:\/\/blog.fuertehoteles.com\/fr\/#organization"},"potentialAction":[{"@type":"SearchAction","target":{"@type":"EntryPoint","urlTemplate":"https:\/\/blog.fuertehoteles.com\/fr\/?s={search_term_string}"},"query-input":"required name=search_term_string"}],"inLanguage":"fr-FR"},{"@type":"Organization","@id":"https:\/\/blog.fuertehoteles.com\/fr\/#organization","name":"Fuerte Group Hotels","url":"https:\/\/blog.fuertehoteles.com\/fr\/","logo":{"@type":"ImageObject","inLanguage":"fr-FR","@id":"https:\/\/blog.fuertehoteles.com\/fr\/#\/schema\/logo\/image\/","url":"https:\/\/blog.fuertehoteles.com\/wp-content\/uploads\/2019\/02\/Logo_fuertegroup_ver_Gris-03.jpg","contentUrl":"https:\/\/blog.fuertehoteles.com\/wp-content\/uploads\/2019\/02\/Logo_fuertegroup_ver_Gris-03.jpg","width":900,"height":900,"caption":"Fuerte Group Hotels"},"image":{"@id":"https:\/\/blog.fuertehoteles.com\/fr\/#\/schema\/logo\/image\/"},"sameAs":["https:\/\/www.facebook.com\/HotelesFuerte","https:\/\/twitter.com\/fuertehoteles","https:\/\/www.instagram.com\/fuertehoteles\/","https:\/\/www.pinterest.es\/fuertehoteles\/","https:\/\/www.youtube.com\/user\/fuertehoteles"]},{"@type":"Person","@id":"https:\/\/blog.fuertehoteles.com\/fr\/#\/schema\/person\/2c21417ecb9c684c591d8261fce6a10d","name":"Fuerte Hoteles","image":{"@type":"ImageObject","inLanguage":"fr-FR","@id":"https:\/\/blog.fuertehoteles.com\/fr\/#\/schema\/person\/image\/","url":"https:\/\/secure.gravatar.com\/avatar\/3927af8ad2a9791e384c3c512a1b6221?s=96&d=mm&r=g","contentUrl":"https:\/\/secure.gravatar.com\/avatar\/3927af8ad2a9791e384c3c512a1b6221?s=96&d=mm&r=g","caption":"Fuerte Hoteles"},"sameAs":["https:\/\/blog.fuertehoteles.com","https:\/\/www.facebook.com\/hotelesfuerte","https:\/\/www.pinterest.com\/fuertehoteles\/","https:\/\/twitter.com\/https:\/\/twitter.com\/fuertehoteles","https:\/\/www.youtube.com\/user\/fuertehoteles"],"url":"https:\/\/blog.fuertehoteles.com\/fr\/author\/carlo-piran\/"}]}},"_links":{"self":[{"href":"https:\/\/blog.fuertehoteles.com\/fr\/wp-json\/wp\/v2\/posts\/27215"}],"collection":[{"href":"https:\/\/blog.fuertehoteles.com\/fr\/wp-json\/wp\/v2\/posts"}],"about":[{"href":"https:\/\/blog.fuertehoteles.com\/fr\/wp-json\/wp\/v2\/types\/post"}],"author":[{"embeddable":true,"href":"https:\/\/blog.fuertehoteles.com\/fr\/wp-json\/wp\/v2\/users\/11"}],"replies":[{"embeddable":true,"href":"https:\/\/blog.fuertehoteles.com\/fr\/wp-json\/wp\/v2\/comments?post=27215"}],"version-history":[{"count":28,"href":"https:\/\/blog.fuertehoteles.com\/fr\/wp-json\/wp\/v2\/posts\/27215\/revisions"}],"predecessor-version":[{"id":98602,"href":"https:\/\/blog.fuertehoteles.com\/fr\/wp-json\/wp\/v2\/posts\/27215\/revisions\/98602"}],"wp:featuredmedia":[{"embeddable":true,"href":"https:\/\/blog.fuertehoteles.com\/fr\/wp-json\/wp\/v2\/media\/53317"}],"wp:attachment":[{"href":"https:\/\/blog.fuertehoteles.com\/fr\/wp-json\/wp\/v2\/media?parent=27215"}],"wp:term":[{"taxonomy":"category","embeddable":true,"href":"https:\/\/blog.fuertehoteles.com\/fr\/wp-json\/wp\/v2\/categories?post=27215"},{"taxonomy":"post_tag","embeddable":true,"href":"https:\/\/blog.fuertehoteles.com\/fr\/wp-json\/wp\/v2\/tags?post=27215"}],"curies":[{"name":"wp","href":"https:\/\/api.w.org\/{rel}","templated":true}]}}