{"id":27895,"date":"2015-01-06T09:20:48","date_gmt":"2015-01-06T09:20:48","guid":{"rendered":"https:\/\/blog.fuertehoteles.com\/?p=27895"},"modified":"2020-10-06T10:27:27","modified_gmt":"2020-10-06T08:27:27","slug":"mois-plans-andalousie","status":"publish","type":"post","link":"https:\/\/blog.fuertehoteles.com\/fr\/top-dix\/mois-plans-andalousie\/","title":{"rendered":"12 mois, 12 plans pour profiter de l\u2019Andalousie"},"content":{"rendered":"<p>Lorsque la nouvelle ann\u00e9e arrive, nous faisons toujours une liste de choses \u00e0 faire pour les 365 prochains jours. Arr\u00eater de fumer, faire du sport ou un r\u00e9gime, voici les trois bonnes r\u00e9solutions qui reviennent le plus souvent. Mais \u00e0 part ces \u201cauto-promesses\u201d, il existe des listes de choses \u00e0 faire beaucoup plus dr\u00f4les, en particulier pour planifier les prochaines vacances.<\/p>\n<p>Chez Fuerte Blog nous voulons vous aider et vous proposer un<strong> classement fun des activit\u00e9s pour 2015. <\/strong>Ne manquez pas nos <strong>12 mois et 12 plans en Andalousie, un plan par mois, pour organiser, au moment voulu, une escapade dans ces terres du sud<\/strong> pour profiter de tout ce qu\u2019elles offrent.<\/p>\n<p>&nbsp;<\/p>\n<h2>1. Janvier : les soldes<\/h2>\n<div id=\"attachment_13377\" style=\"width: 650px\" class=\"wp-caption alignnone\"><a href=\"https:\/\/blog.fuertehoteles.com\/wp-content\/uploads\/2015\/01\/rebajas.jpg\"><img aria-describedby=\"caption-attachment-13377\" decoding=\"async\" class=\"size-full wp-image-13377\" src=\"https:\/\/blog.fuertehoteles.com\/wp-content\/uploads\/2015\/01\/rebajas.jpg\" alt=\"Les soldes\" width=\"640\" height=\"420\" \/><\/a><p id=\"caption-attachment-13377\" class=\"wp-caption-text\">Les soldes<\/p><\/div>\n<p>Au d\u00e9but de chaque ann\u00e9e a lieu le moment que les consommateurs attendent le plus : les soldes. Le mois de janvier est le moment id\u00e9al pour acheter les robes, sacs, chaussures ou accessoires que vous d\u00e9sirez depuis longtemps, \u00e0 bon prix. La ville de Marberlla est un endroit parfait pour aller faire du shopping en Andalousie pendant les soldes. Cette cit\u00e9 de la Costa del Sol poss\u00e8de un grand nombre de boutiques de grandes marques internationales et se pr\u00eate \u00e0 un petit caprice de luxe.<\/p>\n<p>&nbsp;<\/p>\n<h2>2. F\u00e9vrier : F\u00eate de l\u2019Andalousie<\/h2>\n<div id=\"attachment_13377\" style=\"width: 650px\" class=\"wp-caption alignnone\"><a href=\"https:\/\/blog.fuertehoteles.com\/wp-content\/uploads\/2015\/01\/Mollete.jpg\"><img aria-describedby=\"caption-attachment-13377\" decoding=\"async\" class=\"size-full wp-image-13377\" src=\"https:\/\/blog.fuertehoteles.com\/wp-content\/uploads\/2015\/01\/Mollete.jpg\" alt=\"F\u00eate de l\u2019Andalousie\" width=\"640\" height=\"420\" \/><\/a><p id=\"caption-attachment-13377\" class=\"wp-caption-text\">F\u00eate de l\u2019Andalousie<\/p><\/div>\n<p>Si vous pr\u00e9f\u00e9rez vous faire une escapade en f\u00e9vrier dans le sud de l\u2019Espagne, vous pourrez participer \u00e0 une grande f\u00eate : la f\u00eate de l\u2019Andalousie. Le 28 f\u00e9vrier se comm\u00e9more la c\u00e9l\u00e9bration du r\u00e9f\u00e9rendum sur l\u2019initiative du processus autonomique. Partout dans la r\u00e9gion vous pourrez assister \u00e0 des f\u00eates traditionnelles et go\u00fbter des produits du cru. La tradition veut que l\u2019on donne comme go\u00fbter aux enfants du pain et de l\u2019huile d\u2019olive, et dans de nombreux villages, les s\u00e9villanes et le flamenco r\u00e9sonnent sur les sc\u00e8nes install\u00e9es pour l\u2019occasion.<\/p>\n<p>Nous vous recommandons de visiter Casares, lieu de naissance de Blas Infante, celui qui est consid\u00e9r\u00e9 comme le p\u00e8re de la patrie andalouse. C\u2019est un petit village de la Costa del Sol au charme bien sp\u00e9cial gr\u00e2ce \u00e0 ses petites ruelles \u00e9troites aux maisons blanches avec des fleurs aux fen\u00eatres. Ici se c\u00e9l\u00e8brent plusieurs actes comm\u00e9moratifs pour rendre hommage \u00e0 un des fils les plus illustres du village. Dans presque tous les villages de la r\u00e9gion, les c\u00e9l\u00e9brations se terminent g\u00e9n\u00e9ralement par l\u2019hymne de l\u2019Andalousie, chant\u00e9 par tous les habitants de ces terres du sud.<\/p>\n<p>&nbsp;<\/p>\n<h2>3. Mars : Carnaval<\/h2>\n<div id=\"attachment_13377\" style=\"width: 650px\" class=\"wp-caption alignnone\"><a href=\"https:\/\/blog.fuertehoteles.com\/wp-content\/uploads\/2015\/01\/03.jpg\"><img aria-describedby=\"caption-attachment-13377\" decoding=\"async\" class=\"size-full wp-image-13377\" src=\"https:\/\/blog.fuertehoteles.com\/wp-content\/uploads\/2015\/01\/03.jpg\" alt=\"Carnaval\" width=\"640\" height=\"420\" \/><\/a><p id=\"caption-attachment-13377\" class=\"wp-caption-text\">Carnaval<\/p><\/div>\n<p>En Espagne, Cadix rime avec Carnaval. Si vous \u00eates en Andalousie \u00e0 cette \u00e9poque, vous ne pouvez pas ne pas vous rendre dans cette ville. En 2015, les festivit\u00e9s auront lieu du 27 f\u00e9vrier au 9 mars. Durant ces semaines de f\u00eate, se distinguent les concours de plaisanteries et les comparsas aux Th\u00e9\u00e2tre Manuel de Falla o\u00f9 plus de 100 groupes se disputent leur place en finale, en r\u00e9citant des chansons satyriques sur les politiques, les c\u00e9l\u00e9brit\u00e9s et d\u2019autres th\u00e8mes de soci\u00e9t\u00e9 importants.<\/p>\n<p>Le reste des capitales et villages andalous c\u00e9l\u00e8brent leurs propres f\u00eates de carnaval, dans certains cas avec une grande splendeur, et les murgas et comparsas envahissent l\u2019Andalousie pendant cette p\u00e9riode.<\/p>\n<p>&nbsp;<\/p>\n<h2>4. Avril : Semaine Sainte<\/h2>\n<div id=\"attachment_13377\" style=\"width: 650px\" class=\"wp-caption alignnone\"><a href=\"https:\/\/blog.fuertehoteles.com\/wp-content\/uploads\/2015\/01\/semana-santa-en-sevilla.jpg\"><img aria-describedby=\"caption-attachment-13377\" decoding=\"async\" class=\"size-full wp-image-13377\" src=\"https:\/\/blog.fuertehoteles.com\/wp-content\/uploads\/2015\/01\/semana-santa-en-sevilla.jpg\" alt=\"Semaine Sainte\" width=\"640\" height=\"420\" \/><\/a><p id=\"caption-attachment-13377\" class=\"wp-caption-text\">Semaine Sainte<\/p><\/div>\n<p>Une des traditions religieuses les plus importantes de l\u2019Espagne, et en particulier de l\u2019Andalousie, est la Semaine Sainte. Ces jours durant lesquels se comm\u00e9morent la Passion du Christ, les Saints, les Vierges durant des processions. Des files de p\u00e9nitents (avec des capuches, des tuniques et des bougies) accompagnent les joyaux de l\u2019imagerie andalouse accompagn\u00e9s par des groupes de musiques traditionnels de la Semaine Sainte.<\/p>\n<p>Ne manquez pas le Lundi Saint le Captif de Malaga, signe d\u2019une exceptionnelle d\u00e9votion et un exemple de foi et de tradition qui passe de fa\u00e7on majestueuse dans les rues de la capitale de la province. Nous vous recommandons \u00e9galement le Jeudi Saint \u00e0 S\u00e9ville o\u00f9 toute la ville d\u00e9file derri\u00e8re Le Silence, Le Grand Pouvoir, La Macarena, l\u2019Esp\u00e9rance de Triana, le Calvaire et les Gitans, pour ce qui est connu comme la \u201cmadrug\u00e1 sevillana\u201d. Pr\u00eatez une attention bien sp\u00e9ciale si vous \u00eates en Andalousie lors de la Semaine Sainte, aux manifestations culturelles comme le chant des saetas (sorte de flamenco typique de cette p\u00e9riode), ainsi que les costumes des femmes par\u00e9es de ch\u00e2les noirs, symbole espagnol pour exprimer le deuil pour la mort du Christ.<\/p>\n<p>Apr\u00e8s la Semaine Sainte, n\u2019h\u00e9sitez pas \u00e0 rester \u00e0 S\u00e9ville pour profiter de sa Foire d\u2019Avril o\u00f9 les costumes de gitanes (typiques de la r\u00e9gion), les lampions, les chevaux et les s\u00e9villanes (danse andalouse) sont les principaux acteurs d\u2019une des manifestations culturelles et folkloriques les plus significatives d\u2019Andalousie.<\/p>\n<p>&nbsp;<\/p>\n<h2>5. Mai. Croix et patios<\/h2>\n<div id=\"attachment_13377\" style=\"width: 650px\" class=\"wp-caption alignnone\"><a href=\"https:\/\/blog.fuertehoteles.com\/wp-content\/uploads\/2015\/01\/05.jpg\"><img aria-describedby=\"caption-attachment-13377\" decoding=\"async\" class=\"size-full wp-image-13377\" src=\"https:\/\/blog.fuertehoteles.com\/wp-content\/uploads\/2015\/01\/05.jpg\" alt=\"Croix et patios\" width=\"640\" height=\"420\" \/><\/a><p id=\"caption-attachment-13377\" class=\"wp-caption-text\">Croix et patios<\/p><\/div>\n<p>Planifier votre escapade en Espagne au mois de mai est id\u00e9al, surtout si vous voulez vivre l\u2019esprit andalou \u00e0 l\u2019\u00e9tat pur et profiter de la beaut\u00e9 de ces terres. Le cinqui\u00e8me mois de l\u2019ann\u00e9e am\u00e8ne avec lui les patios de Cordoue, une manifestation culturelle qui consiste \u00e0 am\u00e9nager et d\u00e9corer avec des fleurs les patios de la ville. Il s\u2019agit d\u2019authentiques \u0153uvres d\u2019art qui raviront tous les regards. Une exp\u00e9rience que vous ne pouvez pas manquer et que vous devez photographier pour que ces souvenirs soient grav\u00e9s dans votre m\u00e9moire.<\/p>\n<p>A la m\u00eame \u00e9poque \u00e0 Cordoue et Grenade se c\u00e9l\u00e8brent les Croix de mai. Dans les rues sont am\u00e9nag\u00e9s des autels sur lesquels se trouvent des croix pleines de fleurs qui donnent \u00e0 l\u2019ambiance une touche color\u00e9e et un ar\u00f4me tr\u00e8s sp\u00e9ciaux. Une manifestation esth\u00e9tique \u00e0 ne pas manquer et pendant laquelle vous pourrez profiter du folklore andalou gr\u00e2ce aux chants et danses de la r\u00e9gion.<\/p>\n<p>&nbsp;<\/p>\n<h2>6. Juin : Saint Jean<\/h2>\n<div id=\"attachment_13377\" style=\"width: 650px\" class=\"wp-caption alignnone\"><a href=\"https:\/\/blog.fuertehoteles.com\/wp-content\/uploads\/2015\/01\/06.jpg\"><img aria-describedby=\"caption-attachment-13377\" decoding=\"async\" class=\"size-full wp-image-13377\" src=\"https:\/\/blog.fuertehoteles.com\/wp-content\/uploads\/2015\/01\/06.jpg\" alt=\"Saint Jean\" width=\"640\" height=\"420\" \/><\/a><p id=\"caption-attachment-13377\" class=\"wp-caption-text\">Saint Jean<\/p><\/div>\n<p>Si votre objectif est de visiter l\u2019Andalousie au mois de juin, votre destination id\u00e9ale est sans aucun doute la Costa del Sol. La nuit du 23 au 24 juin se c\u00e9l\u00e8bre la Nuit de Saint Jean, une f\u00eate pleine de magie et de souhaits qui allume tout le littoral comme si c\u2019\u00e9tait un charbon ardent. Les feux s\u2019organisent sur la plage et \u00e0 minuit les gens se baignent dans la mer pour formuler leurs souhaits et se purifier. Apr\u00e8s cela, il faut sauter par dessus le feu trois fois pour \u00e9liminer les mauvaises \u00e9nergies. Tout un rituel \u00e0 exp\u00e9rimenter.<\/p>\n<p>Saint Jean Baptiste, qui se c\u00e9l\u00e8bre le 24 juin, est le patron de nombreux villages andalous, comme par exemple Alosno (Huelva), qui c\u00e9l\u00e8bre le saint avec sa danse des cascabeleros.<br \/>\nParmi les c\u00e9l\u00e9brations qui mettent en sc\u00e8ne des animaux, il faut signaler la Saca de Yeguas \u00e0 Almonte (Huelva), le 26 juin. Les hommes du village montent \u00e0 cheval jusqu\u2019aux marais du Parc National de Do\u00f1ana d\u2019o\u00f9 ils conduisent les juments et les poulains qui sont n\u00e9s dans l\u2019ann\u00e9e jusqu\u2019au village, dans un paysage de r\u00eave, comme la zone d\u2019El Roc\u00edo.<\/p>\n<p>&nbsp;<\/p>\n<h2>7. Juillet : Vierge du Carmen<\/h2>\n<div id=\"attachment_13377\" style=\"width: 650px\" class=\"wp-caption alignnone\"><a href=\"https:\/\/blog.fuertehoteles.com\/wp-content\/uploads\/2015\/01\/virgen-rosario.jpg\"><img aria-describedby=\"caption-attachment-13377\" decoding=\"async\" class=\"size-full wp-image-13377\" src=\"https:\/\/blog.fuertehoteles.com\/wp-content\/uploads\/2015\/01\/virgen-rosario.jpg\" alt=\" Virgen du Carmen\" width=\"640\" height=\"420\" \/><\/a><p id=\"caption-attachment-13377\" class=\"wp-caption-text\">Virgen du Carmen<\/p><\/div>\n<p>Juillet symbolise la f\u00eate marine par excellence, celle de la Vierge du Carmen qui se c\u00e9l\u00e8bre le 16 du mois. Nous vous recommandons de vous rendre sur un des points du littoral andalou car cela vaut vraiment la peine de vivre de pr\u00e8s cette tradition religieuse tr\u00e8s ancr\u00e9e dans la culture de la r\u00e9gion.<\/p>\n<p>La Vierge du Carmen, patronne des marins, est port\u00e9e en procession dans les rues du village pour b\u00e9nir tous ceux qui se consacrent au difficile travail de la p\u00eache. L\u2019image arrive jusqu\u2019\u00e0 la plage pour b\u00e9nir les eaux et veiller \u00e0 la protection des fils de la mer. Une c\u00e9l\u00e9bration qui vous surprendra par sa beaut\u00e9 et sa d\u00e9votion. Dans quelques villages, la Vierge est mise \u00e0 la mer, en barque ou port\u00e9e par des marins.<\/p>\n<p>&nbsp;<\/p>\n<h2>8. Ao\u00fbt : Foire de Malaga<\/h2>\n<div id=\"attachment_13377\" style=\"width: 650px\" class=\"wp-caption alignnone\"><a href=\"https:\/\/blog.fuertehoteles.com\/wp-content\/uploads\/2015\/01\/08.jpg\"><img aria-describedby=\"caption-attachment-13377\" decoding=\"async\" class=\"size-full wp-image-13377\" src=\"https:\/\/blog.fuertehoteles.com\/wp-content\/uploads\/2015\/01\/08.jpg\" alt=\"Foire de Malaga\" width=\"640\" height=\"420\" \/><\/a><p id=\"caption-attachment-13377\" class=\"wp-caption-text\">Foire de Malaga<\/p><\/div>\n<p>En ao\u00fbt, Malaga tient le haut de l\u2019affiche alors n\u2019h\u00e9sitez pas \u00e0 marquer cette destination dans vos agendas. La foire d\u2019ao\u00fbt la plus c\u00e9l\u00e8bre en Andalousie est celle de Malaga et elle aura lieu du 16 au 23 ao\u00fbt. Elle comm\u00e9more l\u2019entr\u00e9e des Rois Catholiques dans la ville le 19 ao\u00fbt 1487. Appel\u00e9e Foire du Sud de l\u2019Europe, il s\u2019agit de la foire espagnole avec le plus nombre de visiteurs.<\/p>\n<p>Vous pouvez profiter de tout cela de jour comme de nuit. Le foire de jour se c\u00e9l\u00e8bre dans les rues du centre de la ville o\u00f9 les s\u00e9villanes, le vin du cru (Cartojal ou Malaga Vierge, entre autres) et la joie des habitants sont pr\u00e9sents partout. La foire de nuit se transfert dans une enceinte couverte o\u00f9 se trouvent les attractions pour les enfants, les endroits pour danser et les espaces pour profiter des meilleurs concerts, le tout avec des lampions et des fleurs dans les cheveux.<\/p>\n<p>&nbsp;<\/p>\n<h2>9. Septembre : F\u00eate des vendanges<\/h2>\n<div id=\"attachment_13377\" style=\"width: 650px\" class=\"wp-caption alignnone\"><a href=\"https:\/\/blog.fuertehoteles.com\/wp-content\/uploads\/2015\/01\/feria.jpg\"><img aria-describedby=\"caption-attachment-13377\" decoding=\"async\" class=\"size-full wp-image-13377\" src=\"https:\/\/blog.fuertehoteles.com\/wp-content\/uploads\/2015\/01\/feria.jpg\" alt=\" F\u00eate des vendanges\" width=\"640\" height=\"420\" \/><\/a><p id=\"caption-attachment-13377\" class=\"wp-caption-text\">F\u00eate des vendanges<\/p><\/div>\n<p>L\u2019Andalousie est une r\u00e9gion remplie de vignobles et le mois de septembre est sp\u00e9cial pour de nombreuses villes de la province. Au moment des vendanges sont c\u00e9l\u00e9br\u00e9es des f\u00eates en honneur \u00e0 ces cultures durant lesquelles sont organis\u00e9s des d\u00e9gustations de vin et de produits du cru, des manifestations culturelles, des concertes et de la danse. Jerez ou C\u00f3mpeta sont quelques uns des villages o\u00f9 cette f\u00eate est importante, m\u00eame si la plus ancienne est la Foire Royale de La Palma del Condado \u00e0 Huelva qui est c\u00e9l\u00e9br\u00e9e depuis 1398. Tout au long de ces ann\u00e9es de c\u00e9l\u00e9brations, la f\u00eate a \u00e9volu\u00e9, de son caract\u00e8re \u00e9conomique des premi\u00e8res ann\u00e9es jusqu\u2019au climat festif actuel. Le passage des chevaux et des charrettes est un des \u00e9l\u00e9ments les plus importants de cette c\u00e9l\u00e9bration qui propose \u00e9galement les costumes typiques d\u2019Andalousie et les s\u00e9villanes et les rumbas.<\/p>\n<p>&nbsp;<\/p>\n<h2>10. Octobre : Vierge de Rosario<\/h2>\n<div id=\"attachment_13377\" style=\"width: 650px\" class=\"wp-caption alignnone\"><a href=\"https:\/\/blog.fuertehoteles.com\/wp-content\/uploads\/2015\/01\/10.jpg\"><img aria-describedby=\"caption-attachment-13377\" decoding=\"async\" class=\"size-full wp-image-13377\" src=\"https:\/\/blog.fuertehoteles.com\/wp-content\/uploads\/2015\/01\/10.jpg\" alt=\"Vierge de Rosario\" width=\"640\" height=\"420\" \/><\/a><p id=\"caption-attachment-13377\" class=\"wp-caption-text\">Vierge de Rosario<\/p><\/div>\n<p>Le 5 octobre ont lieu les f\u00eates de la Vierge de Rosario de Minas de Riotinto (Huelva). Avec plus de 200 ans de tradition, les f\u00eates en honneur \u00e0 la patronne de la ville sont remplies de tradition et de rites populaires. Sous le m\u00eame nom ont lieu des festivit\u00e9s \u00e0 Cadix et \u00e0 Fuengirola le 7 octobre.<\/p>\n<p>Ce que vous ne pouvez pas manquer, c\u2019est la F\u00eate de l\u2019Hispanit\u00e9 qui a lieu le 12 du dixi\u00e8me mois de l\u2019ann\u00e9e. A Valencina de la Concepci\u00f3n (S\u00e9ville) a lieu la procession de Torrijos, la 5\u00e8me plus importante d\u2019Espagne. Selon la tradition, en 1600, une poule a d\u00e9terr\u00e9 une image du Christ et une figure qui repr\u00e9sente la t\u00eate de Saint Pierre.<\/p>\n<p>&nbsp;<\/p>\n<h2>11. Novembre : Les fid\u00e8les d\u00e9funts<\/h2>\n<div id=\"attachment_13377\" style=\"width: 650px\" class=\"wp-caption alignnone\"><a href=\"https:\/\/blog.fuertehoteles.com\/wp-content\/uploads\/2015\/01\/11.jpg\"><img aria-describedby=\"caption-attachment-13377\" decoding=\"async\" class=\"size-full wp-image-13377\" src=\"https:\/\/blog.fuertehoteles.com\/wp-content\/uploads\/2015\/01\/11.jpg\" alt=\"Les fid\u00e8les d\u00e9funts\" width=\"640\" height=\"420\" \/><\/a><p id=\"caption-attachment-13377\" class=\"wp-caption-text\">Les fid\u00e8les d\u00e9funts<\/p><\/div>\n<p>M\u00eame si chaque ann\u00e9e les c\u00e9l\u00e9brations d\u2019Halloween sont de plus en plus nombreuses en Andalousie, le mois de novembre est dans cette r\u00e9gion un mois de culte et de respect envers les d\u00e9funts. Si vous \u00eates dans le sud de l\u2019Espagne dans la nuit du 31 octobre au 1er novembre, vous verrez aux fen\u00eatres de nombreuses maisons (en particulier dans les petits villages) des tasses avec de l\u2019eau et de l\u2019huile qui soutiennent des papillons allum\u00e9s pour \u00e9clairer les morts. Le premier jour du mois, tout le monde va au cimeti\u00e8re pour nettoyer les pierres tombales et fleurir leurs \u00eatres aim\u00e9s disparus. Si vous \u00eates en Andalousie \u00e0 cette p\u00e9riode vous pourrez \u00e9galement d\u00e9guster la gastronomie typique de ces c\u00e9l\u00e9brations ainsi que les desserts pr\u00e9par\u00e9s par les s\u0153urs dans les couvents. Une \u00e9poque de recueillement qui r\u00e9v\u00e8le les traditions les plus ancestrales de cette terre.<\/p>\n<p>&nbsp;<\/p>\n<h2>12. D\u00e9cembre : No\u00ebl<\/h2>\n<div id=\"attachment_13377\" style=\"width: 650px\" class=\"wp-caption alignnone\"><a href=\"https:\/\/blog.fuertehoteles.com\/wp-content\/uploads\/2015\/01\/Mantecados_Caseros_reducida.jpg\"><img aria-describedby=\"caption-attachment-13377\" decoding=\"async\" class=\"size-full wp-image-13377\" src=\"https:\/\/blog.fuertehoteles.com\/wp-content\/uploads\/2015\/01\/Mantecados_Caseros_reducida.jpg\" alt=\"No\u00ebl\" width=\"640\" height=\"420\" \/><\/a><p id=\"caption-attachment-13377\" class=\"wp-caption-text\">No\u00ebl<\/p><\/div>\n<p>&nbsp;<\/p>\n<p>Terminer l\u2019ann\u00e9e en Andalousie viendra couronner avec brio les douze mois pass\u00e9s. Cette r\u00e9gion est riche en desserts traditionnels et les mantecados (g\u00e2teaux au saindoux) d\u2019Estepa et Antequera sont les rois des tables de No\u00ebl partout en Espagne. Vous pouvez venir d\u00e9couvrir ces deux localit\u00e9s du sud de l\u2019Espagne et go\u00fbter leurs produits, afin de ramener avec vous la magnifique odeur d\u2019amande au four ou de cannelle qui envahit ces villages. De plus, l\u2019hiver est plus doux que sous d\u2019autres latitudes, vous pourrez donc faire du sport en plein air, et pour ceux qui aiment la neige, il est possible de passer quelques jours pour skier dans la Sierra Nevada (Grenade).<\/p>\n<p>&nbsp;<\/p>\n<h2>O\u00d9 SE LOGER<\/h2>\n<p><a href=\"https:\/\/blog.fuertehoteles.com\/wp-content\/uploads\/2014\/10\/Apartamentos-Fuerte-Calaceite-Torrox-Nerja.jpg\"><img decoding=\"async\" class=\"size-full wp-image-13377\" src=\"https:\/\/blog.fuertehoteles.com\/wp-content\/uploads\/2014\/10\/Apartamentos-Fuerte-Calaceite-Torrox-Nerja.jpg\" alt=\"Fuerte Torrox\" width=\"640\" height=\"420\" \/><\/a><\/p>\n<p>Si vous voyagez en Andalousie en 2015, n\u2019h\u00e9sitez pas \u00e0 miser sur des h\u00f4tels de qualit\u00e9. <a title=\"http:\/\/www.fuertehoteles.com\/fr\/\" href=\"http:\/\/www.fuertehoteles.com\/fr\/\" target=\"_blank\" rel=\"noopener noreferrer\">Fuerte Hoteles<\/a> est la meilleure option pour vous loger si vous visitez le sud de l\u2019Espagne. La cha\u00eene poss\u00e8de des \u00e9tablissements o\u00f9 vous pourrez profiter, en plus des services, du meilleur de chaque point g\u00e9ographique de la r\u00e9gion et de ses traditions. Ses plus de 60 ann\u00e9es d\u2019exp\u00e9rience sont la meilleure des garanties. Marbella, Conil, Grazalema, El Rompido ou Torrox, voici quelques uns des endroits o\u00f9 vous pourrez trouver des incroyables \u00e9tablissements.<\/p>\n","protected":false},"excerpt":{"rendered":"<p>Lorsque la nouvelle ann\u00e9e arrive, nous faisons toujours une liste de choses \u00e0 faire pour les 365 prochains jours. Arr\u00eater de fumer, faire du sport ou un r\u00e9gime, voici les trois bonnes r\u00e9solutions qui reviennent le plus souvent. Mais \u00e0 part ces \u201cauto-promesses\u201d, il existe des listes de choses \u00e0 faire beaucoup plus dr\u00f4les, en [&hellip;]<\/p>\n","protected":false},"author":2,"featured_media":14633,"comment_status":"open","ping_status":"open","sticky":false,"template":"","format":"standard","meta":[],"categories":[48],"tags":[437,609],"acf":[],"yoast_head":"<!-- This site is optimized with the Yoast SEO plugin v21.1 - https:\/\/yoast.com\/wordpress\/plugins\/seo\/ -->\n<title>12 mois, 12 plans pour profiter de l\u2019Andalousie - Blog Fuerte Hoteles<\/title>\n<meta name=\"description\" content=\"Ne manquez pas nos 12 mois et 12 plans en Andalousie, un plan par mois, pour organiser, au moment voulu, une escapade dans ces terres du sud\" \/>\n<meta name=\"robots\" content=\"index, follow, max-snippet:-1, max-image-preview:large, max-video-preview:-1\" \/>\n<link rel=\"canonical\" href=\"https:\/\/blog.fuertehoteles.com\/fr\/top-dix\/mois-plans-andalousie\/\" \/>\n<meta property=\"og:locale\" content=\"fr_FR\" \/>\n<meta property=\"og:type\" content=\"article\" \/>\n<meta property=\"og:title\" content=\"12 mois, 12 plans pour profiter de l\u2019Andalousie - Blog Fuerte Hoteles\" \/>\n<meta property=\"og:description\" content=\"Ne manquez pas nos 12 mois et 12 plans en Andalousie, un plan par mois, pour organiser, au moment voulu, une escapade dans ces terres du sud\" \/>\n<meta property=\"og:url\" content=\"https:\/\/blog.fuertehoteles.com\/fr\/top-dix\/mois-plans-andalousie\/\" \/>\n<meta property=\"og:site_name\" content=\"Blog Fuerte Hoteles\" \/>\n<meta property=\"article:publisher\" content=\"https:\/\/www.facebook.com\/HotelesFuerte\" \/>\n<meta property=\"article:author\" content=\"https:\/\/https\/\/www.facebook.com\/hotelesfuerte\" \/>\n<meta property=\"article:published_time\" content=\"2015-01-06T09:20:48+00:00\" \/>\n<meta property=\"article:modified_time\" content=\"2020-10-06T08:27:27+00:00\" \/>\n<meta property=\"og:image\" content=\"https:\/\/blog.fuertehoteles.com\/wp-content\/uploads\/2015\/01\/saca-de-yeguas-2011-41-copia.jpg\" \/>\n\t<meta property=\"og:image:width\" content=\"640\" \/>\n\t<meta property=\"og:image:height\" content=\"420\" \/>\n\t<meta property=\"og:image:type\" content=\"image\/jpeg\" \/>\n<meta name=\"author\" content=\"Fuerte Hoteles\" \/>\n<meta name=\"twitter:card\" content=\"summary_large_image\" \/>\n<meta name=\"twitter:creator\" content=\"@https:\/\/twitter.com\/fuertehoteles\" \/>\n<meta name=\"twitter:site\" content=\"@fuertehoteles\" \/>\n<meta name=\"twitter:label1\" content=\"\u00c9crit par\" \/>\n\t<meta name=\"twitter:data1\" content=\"Fuerte Hoteles\" \/>\n\t<meta name=\"twitter:label2\" content=\"Dur\u00e9e de lecture estim\u00e9e\" \/>\n\t<meta name=\"twitter:data2\" content=\"12 minutes\" \/>\n<script type=\"application\/ld+json\" class=\"yoast-schema-graph\">{\"@context\":\"https:\/\/schema.org\",\"@graph\":[{\"@type\":\"Article\",\"@id\":\"https:\/\/blog.fuertehoteles.com\/fr\/top-dix\/mois-plans-andalousie\/#article\",\"isPartOf\":{\"@id\":\"https:\/\/blog.fuertehoteles.com\/fr\/top-dix\/mois-plans-andalousie\/\"},\"author\":{\"name\":\"Fuerte Hoteles\",\"@id\":\"https:\/\/blog.fuertehoteles.com\/fr\/#\/schema\/person\/89e8682a10713e86ca04742a5194bc03\"},\"headline\":\"12 mois, 12 plans pour profiter de l\u2019Andalousie\",\"datePublished\":\"2015-01-06T09:20:48+00:00\",\"dateModified\":\"2020-10-06T08:27:27+00:00\",\"mainEntityOfPage\":{\"@id\":\"https:\/\/blog.fuertehoteles.com\/fr\/top-dix\/mois-plans-andalousie\/\"},\"wordCount\":2387,\"commentCount\":0,\"publisher\":{\"@id\":\"https:\/\/blog.fuertehoteles.com\/fr\/#organization\"},\"keywords\":[\"andalousie\",\"partis\"],\"articleSection\":[\"Top Dix\"],\"inLanguage\":\"fr-FR\",\"potentialAction\":[{\"@type\":\"CommentAction\",\"name\":\"Comment\",\"target\":[\"https:\/\/blog.fuertehoteles.com\/fr\/top-dix\/mois-plans-andalousie\/#respond\"]}]},{\"@type\":\"WebPage\",\"@id\":\"https:\/\/blog.fuertehoteles.com\/fr\/top-dix\/mois-plans-andalousie\/\",\"url\":\"https:\/\/blog.fuertehoteles.com\/fr\/top-dix\/mois-plans-andalousie\/\",\"name\":\"12 mois, 12 plans pour profiter de l\u2019Andalousie - Blog Fuerte Hoteles\",\"isPartOf\":{\"@id\":\"https:\/\/blog.fuertehoteles.com\/fr\/#website\"},\"datePublished\":\"2015-01-06T09:20:48+00:00\",\"dateModified\":\"2020-10-06T08:27:27+00:00\",\"description\":\"Ne manquez pas nos 12 mois et 12 plans en Andalousie, un plan par mois, pour organiser, au moment voulu, une escapade dans ces terres du sud\",\"breadcrumb\":{\"@id\":\"https:\/\/blog.fuertehoteles.com\/fr\/top-dix\/mois-plans-andalousie\/#breadcrumb\"},\"inLanguage\":\"fr-FR\",\"potentialAction\":[{\"@type\":\"ReadAction\",\"target\":[\"https:\/\/blog.fuertehoteles.com\/fr\/top-dix\/mois-plans-andalousie\/\"]}]},{\"@type\":\"BreadcrumbList\",\"@id\":\"https:\/\/blog.fuertehoteles.com\/fr\/top-dix\/mois-plans-andalousie\/#breadcrumb\",\"itemListElement\":[{\"@type\":\"ListItem\",\"position\":1,\"name\":\"Home\",\"item\":\"https:\/\/blog.fuertehoteles.com\/fr\/\"},{\"@type\":\"ListItem\",\"position\":2,\"name\":\"12 mois, 12 plans pour profiter de l\u2019Andalousie\"}]},{\"@type\":\"WebSite\",\"@id\":\"https:\/\/blog.fuertehoteles.com\/fr\/#website\",\"url\":\"https:\/\/blog.fuertehoteles.com\/fr\/\",\"name\":\"Blog Fuerte Hoteles\",\"description\":\"Blog de Voyage de Andalousie, H\u00f4tel blog\",\"publisher\":{\"@id\":\"https:\/\/blog.fuertehoteles.com\/fr\/#organization\"},\"potentialAction\":[{\"@type\":\"SearchAction\",\"target\":{\"@type\":\"EntryPoint\",\"urlTemplate\":\"https:\/\/blog.fuertehoteles.com\/fr\/?s={search_term_string}\"},\"query-input\":\"required name=search_term_string\"}],\"inLanguage\":\"fr-FR\"},{\"@type\":\"Organization\",\"@id\":\"https:\/\/blog.fuertehoteles.com\/fr\/#organization\",\"name\":\"Fuerte Group Hotels\",\"url\":\"https:\/\/blog.fuertehoteles.com\/fr\/\",\"logo\":{\"@type\":\"ImageObject\",\"inLanguage\":\"fr-FR\",\"@id\":\"https:\/\/blog.fuertehoteles.com\/fr\/#\/schema\/logo\/image\/\",\"url\":\"https:\/\/blog.fuertehoteles.com\/wp-content\/uploads\/2019\/02\/Logo_fuertegroup_ver_Gris-03.jpg\",\"contentUrl\":\"https:\/\/blog.fuertehoteles.com\/wp-content\/uploads\/2019\/02\/Logo_fuertegroup_ver_Gris-03.jpg\",\"width\":900,\"height\":900,\"caption\":\"Fuerte Group Hotels\"},\"image\":{\"@id\":\"https:\/\/blog.fuertehoteles.com\/fr\/#\/schema\/logo\/image\/\"},\"sameAs\":[\"https:\/\/www.facebook.com\/HotelesFuerte\",\"https:\/\/twitter.com\/fuertehoteles\",\"https:\/\/www.instagram.com\/fuertehoteles\/\",\"https:\/\/www.pinterest.es\/fuertehoteles\/\",\"https:\/\/www.youtube.com\/user\/fuertehoteles\"]},{\"@type\":\"Person\",\"@id\":\"https:\/\/blog.fuertehoteles.com\/fr\/#\/schema\/person\/89e8682a10713e86ca04742a5194bc03\",\"name\":\"Fuerte Hoteles\",\"image\":{\"@type\":\"ImageObject\",\"inLanguage\":\"fr-FR\",\"@id\":\"https:\/\/blog.fuertehoteles.com\/fr\/#\/schema\/person\/image\/\",\"url\":\"https:\/\/secure.gravatar.com\/avatar\/57ad7c3f59bf1aa497cda3944ae13856?s=96&d=mm&r=g\",\"contentUrl\":\"https:\/\/secure.gravatar.com\/avatar\/57ad7c3f59bf1aa497cda3944ae13856?s=96&d=mm&r=g\",\"caption\":\"Fuerte Hoteles\"},\"description\":\"Fuerte Hotels was established over 60 years ago, growing to become one of the leaders in luxury Andalucia holidays, based on our reputation for excellent customer service.\",\"sameAs\":[\"https:\/\/https\/\/www.facebook.com\/hotelesfuerte\",\"https:\/\/www.instagram.com\/fuertehoteles\/\",\"https:\/\/www.linkedin.com\/in\/fuertehoteles\/\",\"https:\/\/www.pinterest.com\/fuertehoteles\/\",\"https:\/\/twitter.com\/https:\/\/twitter.com\/fuertehoteles\",\"https:\/\/www.youtube.com\/user\/fuertehoteles\"],\"url\":\"https:\/\/blog.fuertehoteles.com\/fr\/author\/fuerte-hoteles\/\"}]}<\/script>\n<!-- \/ Yoast SEO plugin. -->","yoast_head_json":{"title":"12 mois, 12 plans pour profiter de l\u2019Andalousie - Blog Fuerte Hoteles","description":"Ne manquez pas nos 12 mois et 12 plans en Andalousie, un plan par mois, pour organiser, au moment voulu, une escapade dans ces terres du sud","robots":{"index":"index","follow":"follow","max-snippet":"max-snippet:-1","max-image-preview":"max-image-preview:large","max-video-preview":"max-video-preview:-1"},"canonical":"https:\/\/blog.fuertehoteles.com\/fr\/top-dix\/mois-plans-andalousie\/","og_locale":"fr_FR","og_type":"article","og_title":"12 mois, 12 plans pour profiter de l\u2019Andalousie - Blog Fuerte Hoteles","og_description":"Ne manquez pas nos 12 mois et 12 plans en Andalousie, un plan par mois, pour organiser, au moment voulu, une escapade dans ces terres du sud","og_url":"https:\/\/blog.fuertehoteles.com\/fr\/top-dix\/mois-plans-andalousie\/","og_site_name":"Blog Fuerte Hoteles","article_publisher":"https:\/\/www.facebook.com\/HotelesFuerte","article_author":"https:\/\/https\/\/www.facebook.com\/hotelesfuerte","article_published_time":"2015-01-06T09:20:48+00:00","article_modified_time":"2020-10-06T08:27:27+00:00","og_image":[{"width":640,"height":420,"url":"https:\/\/blog.fuertehoteles.com\/wp-content\/uploads\/2015\/01\/saca-de-yeguas-2011-41-copia.jpg","type":"image\/jpeg"}],"author":"Fuerte Hoteles","twitter_card":"summary_large_image","twitter_creator":"@https:\/\/twitter.com\/fuertehoteles","twitter_site":"@fuertehoteles","twitter_misc":{"\u00c9crit par":"Fuerte Hoteles","Dur\u00e9e de lecture estim\u00e9e":"12 minutes"},"schema":{"@context":"https:\/\/schema.org","@graph":[{"@type":"Article","@id":"https:\/\/blog.fuertehoteles.com\/fr\/top-dix\/mois-plans-andalousie\/#article","isPartOf":{"@id":"https:\/\/blog.fuertehoteles.com\/fr\/top-dix\/mois-plans-andalousie\/"},"author":{"name":"Fuerte Hoteles","@id":"https:\/\/blog.fuertehoteles.com\/fr\/#\/schema\/person\/89e8682a10713e86ca04742a5194bc03"},"headline":"12 mois, 12 plans pour profiter de l\u2019Andalousie","datePublished":"2015-01-06T09:20:48+00:00","dateModified":"2020-10-06T08:27:27+00:00","mainEntityOfPage":{"@id":"https:\/\/blog.fuertehoteles.com\/fr\/top-dix\/mois-plans-andalousie\/"},"wordCount":2387,"commentCount":0,"publisher":{"@id":"https:\/\/blog.fuertehoteles.com\/fr\/#organization"},"keywords":["andalousie","partis"],"articleSection":["Top Dix"],"inLanguage":"fr-FR","potentialAction":[{"@type":"CommentAction","name":"Comment","target":["https:\/\/blog.fuertehoteles.com\/fr\/top-dix\/mois-plans-andalousie\/#respond"]}]},{"@type":"WebPage","@id":"https:\/\/blog.fuertehoteles.com\/fr\/top-dix\/mois-plans-andalousie\/","url":"https:\/\/blog.fuertehoteles.com\/fr\/top-dix\/mois-plans-andalousie\/","name":"12 mois, 12 plans pour profiter de l\u2019Andalousie - Blog Fuerte Hoteles","isPartOf":{"@id":"https:\/\/blog.fuertehoteles.com\/fr\/#website"},"datePublished":"2015-01-06T09:20:48+00:00","dateModified":"2020-10-06T08:27:27+00:00","description":"Ne manquez pas nos 12 mois et 12 plans en Andalousie, un plan par mois, pour organiser, au moment voulu, une escapade dans ces terres du sud","breadcrumb":{"@id":"https:\/\/blog.fuertehoteles.com\/fr\/top-dix\/mois-plans-andalousie\/#breadcrumb"},"inLanguage":"fr-FR","potentialAction":[{"@type":"ReadAction","target":["https:\/\/blog.fuertehoteles.com\/fr\/top-dix\/mois-plans-andalousie\/"]}]},{"@type":"BreadcrumbList","@id":"https:\/\/blog.fuertehoteles.com\/fr\/top-dix\/mois-plans-andalousie\/#breadcrumb","itemListElement":[{"@type":"ListItem","position":1,"name":"Home","item":"https:\/\/blog.fuertehoteles.com\/fr\/"},{"@type":"ListItem","position":2,"name":"12 mois, 12 plans pour profiter de l\u2019Andalousie"}]},{"@type":"WebSite","@id":"https:\/\/blog.fuertehoteles.com\/fr\/#website","url":"https:\/\/blog.fuertehoteles.com\/fr\/","name":"Blog Fuerte Hoteles","description":"Blog de Voyage de Andalousie, H\u00f4tel blog","publisher":{"@id":"https:\/\/blog.fuertehoteles.com\/fr\/#organization"},"potentialAction":[{"@type":"SearchAction","target":{"@type":"EntryPoint","urlTemplate":"https:\/\/blog.fuertehoteles.com\/fr\/?s={search_term_string}"},"query-input":"required name=search_term_string"}],"inLanguage":"fr-FR"},{"@type":"Organization","@id":"https:\/\/blog.fuertehoteles.com\/fr\/#organization","name":"Fuerte Group Hotels","url":"https:\/\/blog.fuertehoteles.com\/fr\/","logo":{"@type":"ImageObject","inLanguage":"fr-FR","@id":"https:\/\/blog.fuertehoteles.com\/fr\/#\/schema\/logo\/image\/","url":"https:\/\/blog.fuertehoteles.com\/wp-content\/uploads\/2019\/02\/Logo_fuertegroup_ver_Gris-03.jpg","contentUrl":"https:\/\/blog.fuertehoteles.com\/wp-content\/uploads\/2019\/02\/Logo_fuertegroup_ver_Gris-03.jpg","width":900,"height":900,"caption":"Fuerte Group Hotels"},"image":{"@id":"https:\/\/blog.fuertehoteles.com\/fr\/#\/schema\/logo\/image\/"},"sameAs":["https:\/\/www.facebook.com\/HotelesFuerte","https:\/\/twitter.com\/fuertehoteles","https:\/\/www.instagram.com\/fuertehoteles\/","https:\/\/www.pinterest.es\/fuertehoteles\/","https:\/\/www.youtube.com\/user\/fuertehoteles"]},{"@type":"Person","@id":"https:\/\/blog.fuertehoteles.com\/fr\/#\/schema\/person\/89e8682a10713e86ca04742a5194bc03","name":"Fuerte Hoteles","image":{"@type":"ImageObject","inLanguage":"fr-FR","@id":"https:\/\/blog.fuertehoteles.com\/fr\/#\/schema\/person\/image\/","url":"https:\/\/secure.gravatar.com\/avatar\/57ad7c3f59bf1aa497cda3944ae13856?s=96&d=mm&r=g","contentUrl":"https:\/\/secure.gravatar.com\/avatar\/57ad7c3f59bf1aa497cda3944ae13856?s=96&d=mm&r=g","caption":"Fuerte Hoteles"},"description":"Fuerte Hotels was established over 60 years ago, growing to become one of the leaders in luxury Andalucia holidays, based on our reputation for excellent customer service.","sameAs":["https:\/\/https\/\/www.facebook.com\/hotelesfuerte","https:\/\/www.instagram.com\/fuertehoteles\/","https:\/\/www.linkedin.com\/in\/fuertehoteles\/","https:\/\/www.pinterest.com\/fuertehoteles\/","https:\/\/twitter.com\/https:\/\/twitter.com\/fuertehoteles","https:\/\/www.youtube.com\/user\/fuertehoteles"],"url":"https:\/\/blog.fuertehoteles.com\/fr\/author\/fuerte-hoteles\/"}]}},"_links":{"self":[{"href":"https:\/\/blog.fuertehoteles.com\/fr\/wp-json\/wp\/v2\/posts\/27895"}],"collection":[{"href":"https:\/\/blog.fuertehoteles.com\/fr\/wp-json\/wp\/v2\/posts"}],"about":[{"href":"https:\/\/blog.fuertehoteles.com\/fr\/wp-json\/wp\/v2\/types\/post"}],"author":[{"embeddable":true,"href":"https:\/\/blog.fuertehoteles.com\/fr\/wp-json\/wp\/v2\/users\/2"}],"replies":[{"embeddable":true,"href":"https:\/\/blog.fuertehoteles.com\/fr\/wp-json\/wp\/v2\/comments?post=27895"}],"version-history":[{"count":3,"href":"https:\/\/blog.fuertehoteles.com\/fr\/wp-json\/wp\/v2\/posts\/27895\/revisions"}],"predecessor-version":[{"id":51156,"href":"https:\/\/blog.fuertehoteles.com\/fr\/wp-json\/wp\/v2\/posts\/27895\/revisions\/51156"}],"wp:featuredmedia":[{"embeddable":true,"href":"https:\/\/blog.fuertehoteles.com\/fr\/wp-json\/wp\/v2\/media\/14633"}],"wp:attachment":[{"href":"https:\/\/blog.fuertehoteles.com\/fr\/wp-json\/wp\/v2\/media?parent=27895"}],"wp:term":[{"taxonomy":"category","embeddable":true,"href":"https:\/\/blog.fuertehoteles.com\/fr\/wp-json\/wp\/v2\/categories?post=27895"},{"taxonomy":"post_tag","embeddable":true,"href":"https:\/\/blog.fuertehoteles.com\/fr\/wp-json\/wp\/v2\/tags?post=27895"}],"curies":[{"name":"wp","href":"https:\/\/api.w.org\/{rel}","templated":true}]}}