{"id":28223,"date":"2021-03-16T09:00:06","date_gmt":"2021-03-16T08:00:06","guid":{"rendered":"https:\/\/blog.fuertehoteles.com\/?p=28223"},"modified":"2021-03-15T15:56:06","modified_gmt":"2021-03-15T14:56:06","slug":"quarties-les-plus-beaux-d-andalousie","status":"publish","type":"post","link":"https:\/\/blog.fuertehoteles.com\/fr\/destinations\/quarties-les-plus-beaux-d-andalousie\/","title":{"rendered":"Les quartiers d\u2019Andalousie vous offrent l\u2019essence de chaque destination."},"content":{"rendered":"<h2>D\u00e9couvrez avec nous les dessous de la carte andalouse<\/h2>\n<p>Pour entrer dans la culture et l&#8217;idiosyncrasie d&#8217;une ville il n&#8217;y a rien de mieux que de connaitre quartier par quartier. Par cons\u00e9quent, nous vous montrons dans ce beau voyage mais cela pourrait \u00eatre beaucoup plus, parce que l&#8217;Andalousie est rempli de quartiers pittoresques, certains proches de la mer et d&#8217;autres dans les terres, certains avec des rues \u00e9troites et d&#8217;autres avec des maisons avec balcons orn\u00e9s de fleurs &#8230; mais avec un charme particulier.<\/p>\n<p>N&#8217;h\u00e9sitez pas de vous approcher de ces enclaves et profiter de votre voyage d&#8217;une mani\u00e8re proche et particuli\u00e8re. Voulez-vous nous accompagner pour ce voyage \u00e0 travers les quartiers de l&#8217;Andalousie?<\/p>\n<p>&nbsp;<\/p>\n<h2>Les quartiers d\u2019Andalousie<\/h2>\n<p>&nbsp;<\/p>\n<h2>1.\u00a0Quartier de la Vi\u00f1a \u00e0 Cadix<\/h2>\n<div id=\"attachment_43378\" style=\"width: 650px\" class=\"wp-caption alignnone\"><img aria-describedby=\"caption-attachment-43378\" decoding=\"async\" class=\"size-full wp-image-43378\" src=\"https:\/\/blog.fuertehoteles.com\/wp-content\/uploads\/2018\/01\/barro-la-vina-cadiz.jpg\" alt=\"La Vi\u00f1a, C\u00e1diz - Cr\u00e9dito editorial: joserpizarro \/ Shutterstock.com\" width=\"640\" height=\"420\" srcset=\"https:\/\/blog.fuertehoteles.com\/wp-content\/uploads\/2018\/01\/barro-la-vina-cadiz.jpg 640w, https:\/\/blog.fuertehoteles.com\/wp-content\/uploads\/2018\/01\/barro-la-vina-cadiz-300x197.jpg 300w, https:\/\/blog.fuertehoteles.com\/wp-content\/uploads\/2018\/01\/barro-la-vina-cadiz-600x394.jpg 600w, https:\/\/blog.fuertehoteles.com\/wp-content\/uploads\/2018\/01\/barro-la-vina-cadiz-450x295.jpg 450w\" sizes=\"(max-width: 640px) 100vw, 640px\" \/><p id=\"caption-attachment-43378\" class=\"wp-caption-text\">La Vi\u00f1a, C\u00e1diz &#8211; Cr\u00e9dito editorial: joserpizarro \/ Shutterstock.com<\/p><\/div>\n<p>La ville de Cadix refl\u00e8te une ambiance marine qui capte l\u2019essence principale des typiques coins de p\u00eacheurs. Si vous visitez la capitale de cette province, il vous faut vivre au premier plan l\u2019ensorcellement qu\u2019offre le quartier de <b>la Vi\u00f1a<\/b>. Ses rues se remplissent de joie et ses b\u00e2timents du XVIIIe si\u00e8cle et ses superbes places et \u00e9glises le rendent unique. C\u2019est ici que d\u00e9bute chaque ann\u00e9e la grande f\u00eate gaditana\u00a0: le carnaval. Ce quartier qui commence au niveau de la <b>Calle La Palma<\/b> et se termine sur la plage de <b>la Caleta<\/b>, est un lieu de p\u00e8lerinage pour ceux qui sont \u00e0 la recherche des meilleurs fruits de mers et poissons de la ville. De nombreuses chansons typiques du folklore national le comparent \u00e0 <b>La Havane<\/b>, \u00e0 <b>Cuba<\/b>, car il poss\u00e8de un halo carib\u00e9en qui \u00e9mane de chaque recoin.<\/p>\n<p><a href=\"http:\/\/goo.gl\/maps\/g52Kz2SPXVz\" target=\"_blank\" rel=\"noopener noreferrer\"><strong>Google Maps<\/strong><\/a><\/p>\n<p>&nbsp;<\/p>\n<h2>\u00a02.\u00a0Quartier de Santana \u00e0 Mijas<\/h2>\n<div id=\"attachment_52407\" style=\"width: 650px\" class=\"wp-caption alignnone\"><img aria-describedby=\"caption-attachment-52407\" decoding=\"async\" class=\"size-full wp-image-52407\" src=\"https:\/\/blog.fuertehoteles.com\/wp-content\/uploads\/2019\/02\/barrio-santana-mijas.jpg\" alt=\"Barrio de Santana en Mijas\" width=\"640\" height=\"420\" srcset=\"https:\/\/blog.fuertehoteles.com\/wp-content\/uploads\/2019\/02\/barrio-santana-mijas.jpg 640w, https:\/\/blog.fuertehoteles.com\/wp-content\/uploads\/2019\/02\/barrio-santana-mijas-300x197.jpg 300w, https:\/\/blog.fuertehoteles.com\/wp-content\/uploads\/2019\/02\/barrio-santana-mijas-600x394.jpg 600w, https:\/\/blog.fuertehoteles.com\/wp-content\/uploads\/2019\/02\/barrio-santana-mijas-450x295.jpg 450w\" sizes=\"(max-width: 640px) 100vw, 640px\" \/><p id=\"caption-attachment-52407\" class=\"wp-caption-text\">Barrio de Santana en Mijas<\/p><\/div>\n<p><b>Mijas<\/b> est un des villages les plus beaux de la province de M\u00e1laga, caract\u00e9ris\u00e9 principalement, par ses ruelles \u00e9troites et ses maisons blanches o\u00f9 circulent les <b>burros taxis<\/b> (\u00e2nes-taxis). C\u2019est dans le quartier de <b>Santana<\/b> de cette ville c\u00f4ti\u00e8re qu\u2019il est possible de trouver toute l\u2019essence du village. Les pots de fleures ornent les fa\u00e7ades et tous les voisins ce connaissent et cohabitent tel une grande famille. Depuis ce point vous pouvez profiter de l\u2019essence andalouse la plus pure et vous assoir et prendre un rafraichissement et une tapa dans l\u2019un des \u00e9tablissements traditionnels qu\u2019il abrite. Tout un luxe \u00e0 garder en souvenir et immortaliser en une instantan\u00e9e.<\/p>\n<p><a href=\"http:\/\/goo.gl\/maps\/AnbRxuaTDBv\" target=\"_blank\" rel=\"noopener noreferrer\"><strong>Google Maps<\/strong><\/a><\/p>\n<p>&nbsp;<\/p>\n<h2>3.\u00a0Quartier des Dunes d\u2019Artola \u00e0 Marbella<\/h2>\n<div id=\"attachment_11842\" style=\"width: 650px\" class=\"wp-caption alignnone\"><img aria-describedby=\"caption-attachment-11842\" decoding=\"async\" class=\"wp-image-11842 size-full\" src=\"https:\/\/blog.fuertehoteles.com\/wp-content\/uploads\/2014\/07\/cabopino.jpg\" alt=\"Dunas de Artola - Marbella\" width=\"640\" height=\"420\" srcset=\"https:\/\/blog.fuertehoteles.com\/wp-content\/uploads\/2014\/07\/cabopino.jpg 640w, https:\/\/blog.fuertehoteles.com\/wp-content\/uploads\/2014\/07\/cabopino-300x196.jpg 300w, https:\/\/blog.fuertehoteles.com\/wp-content\/uploads\/2014\/07\/cabopino-450x295.jpg 450w\" sizes=\"(max-width: 640px) 100vw, 640px\" \/><p id=\"caption-attachment-11842\" class=\"wp-caption-text\">Dunas de Artola &#8211; Marbella<\/p><\/div>\n<p>Le quartier des <b>Dunes d\u2019Artola<\/b> \u00e0 Marbella est un des plus magnifiques de la Costa del Sol. Il est situ\u00e9 de l\u2019autre cot\u00e9 d\u2019un site de dunes qui porte le m\u00eame nom et suppose un exemple r\u00e9duit de ce que fut cette partie de la cote m\u00e9diterran\u00e9enne andalouse.\u00a0Marbella est une ville qui offre un large \u00e9ventail de paysages diff\u00e9rents et c\u2019est dans cette enclave\u00a0 que vous pourrez diviser la Mer M\u00e9diterran\u00e9e depuis un syst\u00e8me de dunes fossiles et mobiles qui forment une enclave naturelle unique. Les dunes abritent un \u00e9l\u00e9ment d\u2019architecture militaire et d\u00e9fensif d\u2019origine romaine, la <b>Torre Ladrones<\/b>, d\u00e9clar\u00e9e <b>Bien d\u2019Int\u00e9r\u00eat Culturel<\/b>. De plus, dans les alentours se trouve el <b>Port de Cabopino<\/b> et la plage nudiste du m\u00eame nom.<\/p>\n<p><a href=\"http:\/\/goo.gl\/maps\/f9SjhdCyfPF2\" target=\"_blank\" rel=\"noopener noreferrer\"><strong>Google Maps<\/strong><\/a><\/p>\n<p>&nbsp;<\/p>\n<h2>4.\u00a0Quartier Morisco de Frigiliana<\/h2>\n<div id=\"attachment_43379\" style=\"width: 650px\" class=\"wp-caption alignnone\"><img aria-describedby=\"caption-attachment-43379\" decoding=\"async\" class=\"size-full wp-image-43379\" src=\"https:\/\/blog.fuertehoteles.com\/wp-content\/uploads\/2018\/01\/frigiliana.jpg\" alt=\"Casco antiguo de Frigiliana\" width=\"640\" height=\"420\" srcset=\"https:\/\/blog.fuertehoteles.com\/wp-content\/uploads\/2018\/01\/frigiliana.jpg 640w, https:\/\/blog.fuertehoteles.com\/wp-content\/uploads\/2018\/01\/frigiliana-300x197.jpg 300w, https:\/\/blog.fuertehoteles.com\/wp-content\/uploads\/2018\/01\/frigiliana-600x394.jpg 600w, https:\/\/blog.fuertehoteles.com\/wp-content\/uploads\/2018\/01\/frigiliana-450x295.jpg 450w\" sizes=\"(max-width: 640px) 100vw, 640px\" \/><p id=\"caption-attachment-43379\" class=\"wp-caption-text\">Casco antiguo de Frigiliana<\/p><\/div>\n<p><b>Frigiliana<\/b> est un des villages les plus charmants du sud de l\u2019Espagne. Berceau de trois cultures\u00a0: la ph\u00e9nicienne, la romaine et l\u2019arabe, el conserve le charme des racines historiques andalouses. C\u2019est pr\u00e9cis\u00e9ment dans le quartier mauresque qu\u2019il est encore possible de d\u00e9couvrir le halo qu\u2019a laiss\u00e9 <b>Al Andalus<\/b> derri\u00e8re son passage. Ruelles \u00e9troites pav\u00e9es peupl\u00e9es de maisons blanches couvertes de v\u00e9g\u00e9tation sont l\u2019estampe principale de ce coin malague\u00f1o. Les habitations sont situ\u00e9es sur un versant et vous pourrez donc trouver de nombreux escaliers joignant un lieu \u00e0 l\u2019autre. Si vous souhaitez d\u00e9couvrir un quartier particulier, n\u2019h\u00e9sitez pas \u00e0 venir visiter <b>Frigiliana<\/b> et sentir l\u2019essence arabe qui se ressent encore dans son architecture.<\/p>\n<p><a href=\"http:\/\/goo.gl\/maps\/UjMNQyCkaGU2\" target=\"_blank\" rel=\"noopener noreferrer\"><strong>Google Maps<\/strong><\/a><\/p>\n<p>&nbsp;<\/p>\n<h2>5.\u00a0Quartier de l\u2019Albaic\u00edn de Grenade<\/h2>\n<div id=\"attachment_52408\" style=\"width: 650px\" class=\"wp-caption alignnone\"><img aria-describedby=\"caption-attachment-52408\" decoding=\"async\" class=\"size-full wp-image-52408\" src=\"https:\/\/blog.fuertehoteles.com\/wp-content\/uploads\/2019\/02\/albaicin-granada.jpg\" alt=\"Albaicin Granada\" width=\"640\" height=\"420\" srcset=\"https:\/\/blog.fuertehoteles.com\/wp-content\/uploads\/2019\/02\/albaicin-granada.jpg 640w, https:\/\/blog.fuertehoteles.com\/wp-content\/uploads\/2019\/02\/albaicin-granada-300x197.jpg 300w, https:\/\/blog.fuertehoteles.com\/wp-content\/uploads\/2019\/02\/albaicin-granada-600x394.jpg 600w, https:\/\/blog.fuertehoteles.com\/wp-content\/uploads\/2019\/02\/albaicin-granada-450x295.jpg 450w\" sizes=\"(max-width: 640px) 100vw, 640px\" \/><p id=\"caption-attachment-52408\" class=\"wp-caption-text\">Albaicin Granada<\/p><\/div>\n<p>Ce quartier grenadin \u00e0 \u00e9t\u00e9 class\u00e9 <b>Patrimoine de l\u2019Humanit\u00e9<\/b>. Ses ruelles \u00e9troites laissent entrevoir ses racines mauresques et ses <b>carmenes<\/b> (maisons locales typiques) conservent l\u2019essence de l\u2019architecture arabe. Les jardins sont un autre des h\u00e9ritages maures de <b>l\u2019Albaic\u00edn<\/b> o\u00f9 depuis le belv\u00e9d\u00e8re de <b>San Nicol\u00e1s<\/b> on distingue les meilleures vues sur <b>l\u2019Alhambra<\/b>. Un privil\u00e8ge que vous ne pouvez pas manquer si vous visiter le sud de l\u2019Espagne et o\u00f9 vous pourrez de plus profiter d\u2019un rafraichissement au son de la guitare espagnole des artistes de rues qui chaque apr\u00e8s midi ce concentrent dans cet espace pour charmer les touristes avec le flamenco le plus authentique.<\/p>\n<p><a href=\"http:\/\/goo.gl\/maps\/cS8FfeGopmm\" target=\"_blank\" rel=\"noopener noreferrer\"><strong>Google Maps<\/strong><\/a><\/p>\n<p>&nbsp;<\/p>\n<h2>6.\u00a0Quartier de San Francisco de Ronda<\/h2>\n<div id=\"attachment_46830\" style=\"width: 650px\" class=\"wp-caption alignnone\"><img aria-describedby=\"caption-attachment-46830\" decoding=\"async\" class=\"wp-image-46830 size-full\" src=\"https:\/\/blog.fuertehoteles.com\/wp-content\/uploads\/2018\/10\/ronda-aerial-view.jpg\" alt=\"Ronda, M\u00e1laga\" width=\"640\" height=\"420\" srcset=\"https:\/\/blog.fuertehoteles.com\/wp-content\/uploads\/2018\/10\/ronda-aerial-view.jpg 640w, https:\/\/blog.fuertehoteles.com\/wp-content\/uploads\/2018\/10\/ronda-aerial-view-300x197.jpg 300w, https:\/\/blog.fuertehoteles.com\/wp-content\/uploads\/2018\/10\/ronda-aerial-view-600x394.jpg 600w, https:\/\/blog.fuertehoteles.com\/wp-content\/uploads\/2018\/10\/ronda-aerial-view-450x295.jpg 450w\" sizes=\"(max-width: 640px) 100vw, 640px\" \/><p id=\"caption-attachment-46830\" class=\"wp-caption-text\">Ronda<\/p><\/div>\n<p><b>Ronda<\/b> est une localit\u00e9 qui m\u00e9lange la tradition avec un spectaculaire paysage la dotant d\u2019une identit\u00e9 propre tel que el <b>Tajo<\/b>, un \u00e9norme d\u00e9fil\u00e9 sur lequel s\u2019\u00e9tablit la ville. Si vous visitez cette enclave, n\u2019h\u00e9sitez pas \u00e0 vous rendre au quartier de San Francisco, dont le nom provient de l\u2019ancien couvent franciscain duquel \u00e0 seulement \u00e9t\u00e9 conserv\u00e9 l\u2019\u00e9glise de style gothique mud\u00e9jar. Apr\u00e8s la <b>Cuesta de las Im\u00e1genes<\/b> (Cote des images) se trouve ce quartier, depuis lequel on observe la <b>Porte d\u2019Almoc\u00e1bar<\/b> et la muraille arabe qui entoure Ronda et qui arrive jusqu\u2019au pont o\u00f9 l\u2019on y distingue au pied les bains turcs, quelques uns des mieux conserv\u00e9s d\u2019Espagne. Un plaisir pour d\u00e9couvrir en personne le plus authentique de la culture andalouse et \u00e0 la fois profiter des magnifiques vues qu\u2019offre la ville.<\/p>\n<p><a style=\"font-size: 16px;\" href=\"https:\/\/goo.gl\/maps\/CqwCPnzm5RP9Tjcj7\" target=\"_blank\" rel=\"noopener noreferrer\"><strong>Google Maps<\/strong><\/a><\/p>\n<p>&nbsp;<\/p>\n<h2>7.\u00a0Quarter d\u2019El Palo \u00e0 M\u00e1laga<\/h2>\n<div id=\"attachment_52414\" style=\"width: 650px\" class=\"wp-caption alignnone\"><img aria-describedby=\"caption-attachment-52414\" decoding=\"async\" class=\"size-full wp-image-52414\" src=\"https:\/\/blog.fuertehoteles.com\/wp-content\/uploads\/2019\/02\/el-palo-malaga.jpg\" alt=\"El Palo en M\u00e1laga - Cr\u00e9dito editorial: nito \/ Shutterstock.com\" width=\"640\" height=\"420\" srcset=\"https:\/\/blog.fuertehoteles.com\/wp-content\/uploads\/2019\/02\/el-palo-malaga.jpg 640w, https:\/\/blog.fuertehoteles.com\/wp-content\/uploads\/2019\/02\/el-palo-malaga-300x197.jpg 300w, https:\/\/blog.fuertehoteles.com\/wp-content\/uploads\/2019\/02\/el-palo-malaga-600x394.jpg 600w, https:\/\/blog.fuertehoteles.com\/wp-content\/uploads\/2019\/02\/el-palo-malaga-450x295.jpg 450w\" sizes=\"(max-width: 640px) 100vw, 640px\" \/><p id=\"caption-attachment-52414\" class=\"wp-caption-text\">El Palo en M\u00e1laga &#8211; Cr\u00e9dito editorial: nito \/ Shutterstock.com<\/p><\/div>\n<p>Dans les alentours de M\u00e1laga se trouve un de ses quartiers les plus typiques, <b>El Palo<\/b>. D\u2019origine marine, vous pourrez y d\u00e9guster un des meilleurs poissons frits de la province. Les petites barques de bois ornent sa plage et conserve encore son essence de village du fait de son isolement durant les d\u00e9cennies du d\u00e9veloppement urbain qui a s\u00e9par\u00e9 le centre de M\u00e1laga. Vous pourrez y trouver un des recoins les plus embl\u00e9matiques de la province, les <b>Ba\u00f1os del Carmen, <\/b>o\u00f9 au pied de la mer M\u00e9diterran\u00e9e vous pourrez prendre un rafraichissement tout en contemplant le coucher du soleil de la capitale malague\u00f1a au loin.<\/p>\n<p><a href=\"http:\/\/goo.gl\/maps\/doT2JUAzsJ12\" target=\"_blank\" rel=\"noopener noreferrer\"><strong>Google Maps<\/strong><\/a><\/p>\n<p>&nbsp;<\/p>\n<h2>8.\u00a0Quartier Alto Marbella<\/h2>\n<div id=\"attachment_43381\" style=\"width: 645px\" class=\"wp-caption alignnone\"><img aria-describedby=\"caption-attachment-43381\" decoding=\"async\" class=\"size-full wp-image-43381\" src=\"https:\/\/blog.fuertehoteles.com\/wp-content\/uploads\/2018\/01\/barrio-alto-marbella.jpg\" alt=\"Barrio Alto, Marbella. Cr\u00e9dito editorial: monysasu \/ Shutterstock.com\" width=\"635\" height=\"420\" srcset=\"https:\/\/blog.fuertehoteles.com\/wp-content\/uploads\/2018\/01\/barrio-alto-marbella.jpg 635w, https:\/\/blog.fuertehoteles.com\/wp-content\/uploads\/2018\/01\/barrio-alto-marbella-300x198.jpg 300w, https:\/\/blog.fuertehoteles.com\/wp-content\/uploads\/2018\/01\/barrio-alto-marbella-600x397.jpg 600w, https:\/\/blog.fuertehoteles.com\/wp-content\/uploads\/2018\/01\/barrio-alto-marbella-450x298.jpg 450w\" sizes=\"(max-width: 635px) 100vw, 635px\" \/><p id=\"caption-attachment-43381\" class=\"wp-caption-text\">Barrio Alto, Marbella. Cr\u00e9dito editorial: monysasu \/ Shutterstock.com<\/p><\/div>\n<p>Marbella se compose d\u2019un <b>Beau quartier<\/b> aussi appel\u00e9 de <b>San Francisco<\/b>, car s\u2019y trouvait un ancien couvent franciscain disparu depuis. <b>La Ermita del Sant Cristo de la Vera Cruz<\/b>, est le symbole le plus repr\u00e9sentatif de ce lieu et un point immanquable pour qui d\u00e9cide de visiter ce quartier marbelli. Il s\u2019agit d\u2019une des zones les plus anciennes de la localit\u00e9 charg\u00e9e d\u2019une histoire qui fut t\u00e9moin direct de la Reconqu\u00eate et, des si\u00e8cles plus tard de la Guerre d\u2019Ind\u00e9pendance. Marbella poss\u00e8de de superbes coins \u00e0 visiter et connaitre ses quartiers, c\u2019est connaitre l\u2019histoire de ses gens et sa gastronomie, principalement \u00e0 base de poisson.<\/p>\n<p><a href=\"https:\/\/goo.gl\/maps\/GHh54usPQjH1ZjgAA\" target=\"_blank\" rel=\"noopener noreferrer\"><strong>Google Maps<\/strong><\/a><\/p>\n<p>&nbsp;<\/p>\n<h2>\u00a09.\u00a0Quartier Reina Victoria de Huelva<\/h2>\n<div id=\"attachment_52415\" style=\"width: 650px\" class=\"wp-caption alignnone\"><img aria-describedby=\"caption-attachment-52415\" decoding=\"async\" class=\"size-full wp-image-52415\" src=\"https:\/\/blog.fuertehoteles.com\/wp-content\/uploads\/2019\/02\/reina-victoria-huelva.jpg\" alt=\"Barrio Reina Victoria - Huelva\" width=\"640\" height=\"420\" srcset=\"https:\/\/blog.fuertehoteles.com\/wp-content\/uploads\/2019\/02\/reina-victoria-huelva.jpg 640w, https:\/\/blog.fuertehoteles.com\/wp-content\/uploads\/2019\/02\/reina-victoria-huelva-300x197.jpg 300w, https:\/\/blog.fuertehoteles.com\/wp-content\/uploads\/2019\/02\/reina-victoria-huelva-600x394.jpg 600w, https:\/\/blog.fuertehoteles.com\/wp-content\/uploads\/2019\/02\/reina-victoria-huelva-450x295.jpg 450w\" sizes=\"(max-width: 640px) 100vw, 640px\" \/><p id=\"caption-attachment-52415\" class=\"wp-caption-text\">Barrio Reina Victoria &#8211; Huelva<\/p><\/div>\n<p><b>Le quartier Reina Victoria<\/b> est un ensemble d\u2019habitations situ\u00e9 dans la ville de Huelva construites en 1916. Situ\u00e9e pr\u00e8s de la zone centre, sur une petite \u00e9l\u00e9vation appel\u00e9e <b>Colline de San Crist\u00f3bal,<\/b> il s\u2019agit d\u2019une organisation d\u2019habitations unifamiliales nomm\u00e9es ainsi par l\u2019entreprise de construction en honneur \u00e0 la Reine Victoria I du Royaume-Uni. Bien que son style se r\u00e9sume \u00e0 la tradition anglaise, s\u2019y m\u00e9langent \u00e9galement l\u2019architecture andalouse et la coloniale, r\u00e9sultant en un ensemble qui rappelle les constructions allemandes, autrichiennes et hollandaises. Ce quartier singulier de Huelva est consid\u00e9r\u00e9 comme <b>Bien d\u2019Int\u00e9r\u00eat Culturel<\/b> et suppose une vision diff\u00e9rente de la ville.<\/p>\n<p><a href=\"http:\/\/goo.gl\/maps\/gb3WUCXZWko\" target=\"_blank\" rel=\"noopener noreferrer\"><strong>Google Maps<\/strong><\/a><\/p>\n<p>&nbsp;<\/p>\n<h2>10.\u00a0El Mentidero de Cadix<\/h2>\n<div id=\"attachment_52424\" style=\"width: 650px\" class=\"wp-caption alignnone\"><img aria-describedby=\"caption-attachment-52424\" decoding=\"async\" class=\"wp-image-52424 size-full\" src=\"https:\/\/blog.fuertehoteles.com\/wp-content\/uploads\/2019\/02\/cadiz-aerial-night-2.jpg\" alt=\"El Mentidero de C\u00e1diz\" width=\"640\" height=\"420\" srcset=\"https:\/\/blog.fuertehoteles.com\/wp-content\/uploads\/2019\/02\/cadiz-aerial-night-2.jpg 640w, https:\/\/blog.fuertehoteles.com\/wp-content\/uploads\/2019\/02\/cadiz-aerial-night-2-300x197.jpg 300w, https:\/\/blog.fuertehoteles.com\/wp-content\/uploads\/2019\/02\/cadiz-aerial-night-2-600x394.jpg 600w, https:\/\/blog.fuertehoteles.com\/wp-content\/uploads\/2019\/02\/cadiz-aerial-night-2-450x295.jpg 450w\" sizes=\"(max-width: 640px) 100vw, 640px\" \/><p id=\"caption-attachment-52424\" class=\"wp-caption-text\">El Mentidero de C\u00e1diz<\/p><\/div>\n<p><b>Le quartier du Mentidero<\/b> est un des plus typiques de la ville, avec ses jolies places et zones de jardins, id\u00e9ales pour se promener tranquillement. En son centre se trouve la <b>Plaza del Mentidero<\/b>, parfaite pour des promenades l\u2019apr\u00e8s-midi ou pour profiter de l\u2019une de ses terrasses. Pr\u00e8s de la place, et en guise de terrasse sur la mer, vous trouverez le magnifique <b>Parc Genov\u00e9s<\/b>, avec de nombreuses esp\u00e8ces de fleurs de diff\u00e9rents lieux du monde et qui attirent l\u2019attention par les curieuses formes avec lesquelles sont taill\u00e9s ses arbres. Si vous voyagez en compagnie de vos enfants, ce quartier est le plus recommandable car il leur offre une aire de jeu, et une cascade \u00e0 laquelle il est possible de monter afin de profiter d\u2019une superbe vue sur la Baie.<\/p>\n<p><a href=\"http:\/\/goo.gl\/maps\/wWCFDAZrvr52\" target=\"_blank\" rel=\"noopener noreferrer\"><strong>Google Maps<\/strong><\/a><\/p>\n<p>&nbsp;<\/p>\n<h2>11. Barrio Santa Cruz de Sevilla<\/h2>\n<div id=\"attachment_49173\" style=\"width: 650px\" class=\"wp-caption alignnone\"><img aria-describedby=\"caption-attachment-49173\" decoding=\"async\" class=\"size-full wp-image-49173\" src=\"https:\/\/blog.fuertehoteles.com\/wp-content\/uploads\/2015\/04\/barrio-santa-cruz-sevilla.jpg\" alt=\"Barrio de Santa Cruz\" width=\"640\" height=\"420\" srcset=\"https:\/\/blog.fuertehoteles.com\/wp-content\/uploads\/2015\/04\/barrio-santa-cruz-sevilla.jpg 640w, https:\/\/blog.fuertehoteles.com\/wp-content\/uploads\/2015\/04\/barrio-santa-cruz-sevilla-300x197.jpg 300w, https:\/\/blog.fuertehoteles.com\/wp-content\/uploads\/2015\/04\/barrio-santa-cruz-sevilla-600x394.jpg 600w, https:\/\/blog.fuertehoteles.com\/wp-content\/uploads\/2015\/04\/barrio-santa-cruz-sevilla-450x295.jpg 450w\" sizes=\"(max-width: 640px) 100vw, 640px\" \/><p id=\"caption-attachment-49173\" class=\"wp-caption-text\">Barrio de Santa Cruz<\/p><\/div>\n<p>Ce quartier est l&#8217;un des plus indig\u00e8nes de la capitale andalouse. Ne perdez pas l&#8217;occasion de venir ici si vous voulez profiter de l&#8217;essence la plus authentique de S\u00e9ville avec ses rues sinueuses et ses cours inond\u00e9es de fleurs. L&#8217;une des choses les plus caract\u00e9ristiques de ce quartier est sa carte d&#8217;identit\u00e9 juive, en effet Sevilla sous le r\u00e8gne de Ferdinand III a \u00e9merg\u00e9 comme la deuxi\u00e8me communaut\u00e9 juive la plus importante en Espagne et de ce fait s&#8217;est transform\u00e9 en le beau quartier de Santa Cruz.<\/p>\n<p><a href=\"http:\/\/goo.gl\/maps\/BoiyWWg7Bhn\" target=\"_blank\" rel=\"noopener noreferrer\"><strong>Google Maps<\/strong><\/a><\/p>\n<p>&nbsp;<\/p>\n<h2>12. Barrio de la Carihuela, Torremolinos<\/h2>\n<div id=\"attachment_52425\" style=\"width: 650px\" class=\"wp-caption alignnone\"><img aria-describedby=\"caption-attachment-52425\" decoding=\"async\" class=\"wp-image-52425 size-full\" src=\"https:\/\/blog.fuertehoteles.com\/wp-content\/uploads\/2019\/02\/carihuela-torremolinos.jpg\" alt=\"La Carihuela, Torremolinos - Cr\u00e9dito editorial: Andrei Nekrassov \/ Shutterstock.com\" width=\"640\" height=\"420\" srcset=\"https:\/\/blog.fuertehoteles.com\/wp-content\/uploads\/2019\/02\/carihuela-torremolinos.jpg 640w, https:\/\/blog.fuertehoteles.com\/wp-content\/uploads\/2019\/02\/carihuela-torremolinos-300x197.jpg 300w, https:\/\/blog.fuertehoteles.com\/wp-content\/uploads\/2019\/02\/carihuela-torremolinos-600x394.jpg 600w, https:\/\/blog.fuertehoteles.com\/wp-content\/uploads\/2019\/02\/carihuela-torremolinos-450x295.jpg 450w\" sizes=\"(max-width: 640px) 100vw, 640px\" \/><p id=\"caption-attachment-52425\" class=\"wp-caption-text\">La Carihuela, Torremolinos &#8211; Cr\u00e9dito editorial: Andrei Nekrassov \/ Shutterstock.com<\/p><\/div>\n<p>Le quartier de la Carihuela est situ\u00e9 au pied de l&#8217;une des plus belles plages de Malaga, la playa de la Carihuela. Ses d\u00e9buts sont la p\u00eache, comme ceux de nombreux districts c\u00f4tiers de Malaga. Si vous venez \u00e0 cet endroit ne perdez pas l&#8217;occasion de vous promener le long de la promenade maritime et faire une halte sur le chemin afin de savourer la beaut\u00e9 de l&#8217;\u00e9glise de Nuestra Se\u00f1ora del Carmen ou le Monument Pescador de la Plaza de El Remo.<\/p>\n<p><a href=\"http:\/\/goo.gl\/maps\/ZAxovsMaE4H2\" target=\"_blank\" rel=\"noopener noreferrer\"><strong>Google Maps<\/strong><\/a><\/p>\n<p>&nbsp;<\/p>\n<h2>13. Barrio de El Calvario, Torremolinos<\/h2>\n<div id=\"attachment_52430\" style=\"width: 650px\" class=\"wp-caption alignnone\"><img aria-describedby=\"caption-attachment-52430\" decoding=\"async\" class=\"size-full wp-image-52430\" src=\"https:\/\/blog.fuertehoteles.com\/wp-content\/uploads\/2019\/02\/el-calvario-torremolinos.jpg\" alt=\"Barrio de El Calvario, Torremolinos\" width=\"640\" height=\"420\" srcset=\"https:\/\/blog.fuertehoteles.com\/wp-content\/uploads\/2019\/02\/el-calvario-torremolinos.jpg 640w, https:\/\/blog.fuertehoteles.com\/wp-content\/uploads\/2019\/02\/el-calvario-torremolinos-300x197.jpg 300w, https:\/\/blog.fuertehoteles.com\/wp-content\/uploads\/2019\/02\/el-calvario-torremolinos-600x394.jpg 600w, https:\/\/blog.fuertehoteles.com\/wp-content\/uploads\/2019\/02\/el-calvario-torremolinos-450x295.jpg 450w\" sizes=\"(max-width: 640px) 100vw, 640px\" \/><p id=\"caption-attachment-52430\" class=\"wp-caption-text\">Barrio de El Calvario, Torremolinos<\/p><\/div>\n<p>Ce quartier est l&#8217;un des plus caract\u00e9ristiques de Torremolinos, en effet il conserve encore l&#8217;ambiance traditionnelle d&#8217;un village andalous. Dans le Calvario, vous trouverez des maisons blanchies \u00e0 la chaux et toutes d\u00e9cor\u00e9es avec beaucoup de fleurs. Ce quartier \u00e9tait autrefois appel\u00e9 quartier Cant\u00f3, mais selon la tradition des autorit\u00e9s apr\u00e8s la guerre civile il a \u00e9t\u00e9 rebaptis\u00e9 El Calvario pour \u00eatre situ\u00e9 dans une zone haute des localit\u00e9s.<\/p>\n<p><strong><a href=\"http:\/\/goo.gl\/maps\/H3NCmsnvBTT2\" target=\"_blank\" rel=\"noopener noreferrer\">Google Maps<\/a><\/strong><\/p>\n<p>&nbsp;<\/p>\n<h2>14. Villa Vieja de Algeciras<\/h2>\n<div id=\"attachment_52450\" style=\"width: 650px\" class=\"wp-caption alignnone\"><img aria-describedby=\"caption-attachment-52450\" decoding=\"async\" class=\"size-full wp-image-52450\" src=\"https:\/\/blog.fuertehoteles.com\/wp-content\/uploads\/2019\/02\/villa-vieja-algeciras.jpg\" alt=\"Paseo del R\u00edo de la Miel Algeciras\" width=\"640\" height=\"420\" srcset=\"https:\/\/blog.fuertehoteles.com\/wp-content\/uploads\/2019\/02\/villa-vieja-algeciras.jpg 640w, https:\/\/blog.fuertehoteles.com\/wp-content\/uploads\/2019\/02\/villa-vieja-algeciras-300x197.jpg 300w, https:\/\/blog.fuertehoteles.com\/wp-content\/uploads\/2019\/02\/villa-vieja-algeciras-600x394.jpg 600w, https:\/\/blog.fuertehoteles.com\/wp-content\/uploads\/2019\/02\/villa-vieja-algeciras-450x295.jpg 450w\" sizes=\"(max-width: 640px) 100vw, 640px\" \/><p id=\"caption-attachment-52450\" class=\"wp-caption-text\">Paseo del R\u00edo de la Miel Algeciras<\/p><\/div>\n<p>La Villa Vieja est l&#8217;un des quartiers qui divisent Alg\u00e9siras et l&#8217;un des plus anciens, en effet il appara\u00eet pour la premi\u00e8re fois pendant l&#8217;occupation de la ville au XVIIIe si\u00e8cle. Le quartier est situ\u00e9 sur un plateau au sud de la rivi\u00e8re de miel et est d\u00e9limit\u00e9 par le Paseo del Rio de la Miel au nord, \u00e0 l&#8217;ouest la rue An\u00edbal et le Paseo de la Conferencia \u00e0 l&#8217;est et au sud.<\/p>\n<p>L&#8217;une des attractions que vous devez visiter \u00e0 cet endroit est l&#8217;usine de salage, car c&#8217;est la plus compl\u00e8te de celles d\u00e9couvertes dans la p\u00e9ninsule ib\u00e9rique.<\/p>\n<p><strong><a href=\"http:\/\/goo.gl\/maps\/r7BxUnUt9GE2\" target=\"_blank\" rel=\"noopener noreferrer\">Google Maps<\/a><\/strong><\/p>\n<p>&nbsp;<\/p>\n<h2>15. La Atunara, La l\u00ednea<\/h2>\n<div id=\"attachment_52451\" style=\"width: 650px\" class=\"wp-caption alignnone\"><img aria-describedby=\"caption-attachment-52451\" decoding=\"async\" class=\"wp-image-52451 size-full\" src=\"https:\/\/blog.fuertehoteles.com\/wp-content\/uploads\/2019\/02\/la-atunara-la-linea.jpg\" alt=\"La Atunara, La l\u00ednea\" width=\"640\" height=\"420\" srcset=\"https:\/\/blog.fuertehoteles.com\/wp-content\/uploads\/2019\/02\/la-atunara-la-linea.jpg 640w, https:\/\/blog.fuertehoteles.com\/wp-content\/uploads\/2019\/02\/la-atunara-la-linea-300x197.jpg 300w, https:\/\/blog.fuertehoteles.com\/wp-content\/uploads\/2019\/02\/la-atunara-la-linea-600x394.jpg 600w, https:\/\/blog.fuertehoteles.com\/wp-content\/uploads\/2019\/02\/la-atunara-la-linea-450x295.jpg 450w\" sizes=\"(max-width: 640px) 100vw, 640px\" \/><p id=\"caption-attachment-52451\" class=\"wp-caption-text\">La Atunara, La l\u00ednea<\/p><\/div>\n<p>La Atunara est situ\u00e9 \u00e0 La L\u00ednea de la Concepci\u00f3n, juste au nord de la plage de Levante, \u00e0 c\u00f4t\u00e9 du port. Bien que ce quartier soit principalement de tradition maritime il a surtout une forte identit\u00e9 d&#8217;appartenance \u00e0 l&#8217;ensemble de la population linense, car il est encore plus ancien que la ville elle-m\u00eame, ce n&#8217;est pas pour rien que les premi\u00e8res r\u00e9f\u00e9rences sur ce lieur remontent \u00e0 640 ans avant que ne soit n\u00e9e la ville elle-m\u00eame.<\/p>\n<p>Comme nous l&#8217;avons mentionn\u00e9 avant l&#8217;un des aspects les plus caract\u00e9ristiques de ce quartier est la p\u00eache et la vente subs\u00e9quente pour la consommation de poissons volants en \u00e9t\u00e9, une authentique d\u00e9licatesse \u00e9labor\u00e9e de la m\u00eame mani\u00e8re traditionnelle depuis l&#8217;\u00e9poque romaine. Un autre aspect tr\u00e8s caract\u00e9ristique et curieux sur cet endroit est son \u00e9glise, qui est une ancienne usine de salage de poisson reconverties en un lieu de culte, comme il ne pourrait en \u00eatre autrement dans un quartier baln\u00e9aire, il a \u00e9t\u00e9 inaugur\u00e9 avec la Virgen del Carmen, qui avait d\u00e9j\u00e0 \u00e9t\u00e9 d\u00e9plac\u00e9e de la chapelle qui existait \u00e0 la station de sauvetage.<\/p>\n<p><strong><a href=\"http:\/\/goo.gl\/maps\/GPWz8YLFYwF2\" target=\"_blank\" rel=\"noopener noreferrer\">Google Maps<\/a><\/strong><\/p>\n<p>&nbsp;<\/p>\n<h2>16. Barrio de Huelin, M\u00e1laga<\/h2>\n<div id=\"attachment_52452\" style=\"width: 650px\" class=\"wp-caption alignnone\"><img aria-describedby=\"caption-attachment-52452\" decoding=\"async\" class=\"size-full wp-image-52452\" src=\"https:\/\/blog.fuertehoteles.com\/wp-content\/uploads\/2019\/02\/huelin-malaga.jpg\" alt=\"Barrio de Huelin, M\u00e1laga\" width=\"640\" height=\"420\" srcset=\"https:\/\/blog.fuertehoteles.com\/wp-content\/uploads\/2019\/02\/huelin-malaga.jpg 640w, https:\/\/blog.fuertehoteles.com\/wp-content\/uploads\/2019\/02\/huelin-malaga-300x197.jpg 300w, https:\/\/blog.fuertehoteles.com\/wp-content\/uploads\/2019\/02\/huelin-malaga-600x394.jpg 600w, https:\/\/blog.fuertehoteles.com\/wp-content\/uploads\/2019\/02\/huelin-malaga-450x295.jpg 450w\" sizes=\"(max-width: 640px) 100vw, 640px\" \/><p id=\"caption-attachment-52452\" class=\"wp-caption-text\">Barrio de Huelin, M\u00e1laga<\/p><\/div>\n<p>Le quartier de Huelin est le quartier ouvrier par excellence de Malaga, il s&#8217;agit du premier quartier pens\u00e9 et construit sp\u00e9cialement pour les travailleurs de la ville, c&#8217;est aussi l\u00e0 que furent construitent les premi\u00e8res chemin\u00e9es industrielles de Malaga du XIXe si\u00e8cle.<\/p>\n<p>Dans ce quartier il y a des lieux d&#8217;int\u00e9ret tels que le Mus\u00e9e Russe de Saint-P\u00e9tersbourg, c&#8217;est le premier si\u00e8ge du Mus\u00e9e d&#8217;Etat Russe en Europe occidentale. Le centre accueille \u00e9galement des conf\u00e9rences, des ateliers culturelles et pour les enfants, des pi\u00e8ces de th\u00e9\u00e2tre, des concerts de musique, des films et des \u00e9v\u00e9nements. Il y a \u00e9galement le Parc Huelin un espace vert avec plus de 700 arbres et une superficie de 32.000 m\u00b2.<\/p>\n<p><strong><a href=\"http:\/\/goo.gl\/maps\/N4FpHMMSvwp\" target=\"_blank\" rel=\"noopener noreferrer\">Google Maps<\/a><\/strong><\/p>\n<p>&nbsp;<\/p>\n<h2>17. Los Boliches, Fuengirola<\/h2>\n<div id=\"attachment_52453\" style=\"width: 650px\" class=\"wp-caption alignnone\"><img aria-describedby=\"caption-attachment-52453\" decoding=\"async\" class=\"size-full wp-image-52453\" src=\"https:\/\/blog.fuertehoteles.com\/wp-content\/uploads\/2019\/02\/los-boliches-fuengirola.jpg\" alt=\"Los Boliches, Fuengirola\" width=\"640\" height=\"420\" srcset=\"https:\/\/blog.fuertehoteles.com\/wp-content\/uploads\/2019\/02\/los-boliches-fuengirola.jpg 640w, https:\/\/blog.fuertehoteles.com\/wp-content\/uploads\/2019\/02\/los-boliches-fuengirola-300x197.jpg 300w, https:\/\/blog.fuertehoteles.com\/wp-content\/uploads\/2019\/02\/los-boliches-fuengirola-600x394.jpg 600w, https:\/\/blog.fuertehoteles.com\/wp-content\/uploads\/2019\/02\/los-boliches-fuengirola-450x295.jpg 450w\" sizes=\"(max-width: 640px) 100vw, 640px\" \/><p id=\"caption-attachment-52453\" class=\"wp-caption-text\">Los Boliches, Fuengirola<\/p><\/div>\n<p>Los Boliches est un ancien quartier de p\u00eacheurs qui \u00e9tait \u00e0 l&#8217;origine s\u00e9par\u00e9e de Fuengirola, mais en raison de la croissance urbaine aujourd&#8217;hui il est pleinement int\u00e9gr\u00e9 \u00e0 la ville.<\/p>\n<p>Ce quartier a des endroits d&#8217;int\u00e9r\u00eat particulier, comme le Monument \u00e0 la Peseta, qui fut la premi\u00e8re sculpture cr\u00e9\u00e9e en Espagne d\u00e9di\u00e9e \u00e0 l&#8217;ancienne monnaie, ou le monument romain, situ\u00e9 pr\u00e8s de la Plaza San Rafael, sur la promenade.<\/p>\n<p>Bien qu&#8217;il y ait beaucoup de choses \u00e0 voir dans cette partie de Fuengirola il faut dire que si vous d\u00e9cidez de la visiter vous ne devez pas perdre l&#8217;occasion de profiter de sa plage en effet ses environs sont un spectacle pour les sens.<\/p>\n<p><strong><a href=\"http:\/\/goo.gl\/maps\/EtCUVJTsf632\" target=\"_blank\" rel=\"noopener noreferrer\">Google Maps<\/a><\/strong><\/p>\n<p>&nbsp;<\/p>\n<h2>18. Sacromonte, Granada<\/h2>\n<div id=\"attachment_52454\" style=\"width: 650px\" class=\"wp-caption alignnone\"><img aria-describedby=\"caption-attachment-52454\" decoding=\"async\" class=\"size-full wp-image-52454\" src=\"https:\/\/blog.fuertehoteles.com\/wp-content\/uploads\/2019\/02\/vista-sacromonte-granada.jpg\" alt=\"Sacromonte, Granada\" width=\"640\" height=\"420\" srcset=\"https:\/\/blog.fuertehoteles.com\/wp-content\/uploads\/2019\/02\/vista-sacromonte-granada.jpg 640w, https:\/\/blog.fuertehoteles.com\/wp-content\/uploads\/2019\/02\/vista-sacromonte-granada-300x197.jpg 300w, https:\/\/blog.fuertehoteles.com\/wp-content\/uploads\/2019\/02\/vista-sacromonte-granada-600x394.jpg 600w, https:\/\/blog.fuertehoteles.com\/wp-content\/uploads\/2019\/02\/vista-sacromonte-granada-450x295.jpg 450w\" sizes=\"(max-width: 640px) 100vw, 640px\" \/><p id=\"caption-attachment-52454\" class=\"wp-caption-text\">Sacromonte, Granada<\/p><\/div>\n<p>El Sacromonte est un endroit idyllique et pittoresque, situ\u00e9 sur la colline de Valparaiso, l&#8217;une des collines qui forment Grenade. Ce quartier est le quartier traditionnel des gitans de Grenade. Outre les nombreuses grottes blanchis \u00e0 la chaux, leur flamenco et les c\u00e9l\u00e8bres \u00ab zambras \u00bb, le principal monument du Sacromonte est son abbaye, construite par l&#8217;archev\u00eaque Don Pedro de Castro au XVIIe si\u00e8cle \u00e0 l&#8217;endroit o\u00f9 ont surgies diverses reliques religieuses et d&#8217;autres t\u00e9moignages sur les premiers chr\u00e9tiens de Grenade.<\/p>\n<p>El Sacromonte abrite \u00e9galement les \u00e9coles de l&#8217;Ave Maria, qui furent cr\u00e9\u00e9es au d\u00e9but du XXe si\u00e8cle pour enseigner aux enfants roms et dont les innovations \u00e9ducatives restent en vigueur.<\/p>\n<p><strong><a href=\"http:\/\/goo.gl\/maps\/GapSG8FWZUp\" target=\"_blank\" rel=\"noopener noreferrer\">Google Maps<\/a><\/strong><\/p>\n<p>&nbsp;<\/p>\n<h2>19. La Albarizuela<\/h2>\n<div id=\"attachment_52455\" style=\"width: 650px\" class=\"wp-caption alignnone\"><img aria-describedby=\"caption-attachment-52455\" decoding=\"async\" class=\"size-full wp-image-52455\" src=\"https:\/\/blog.fuertehoteles.com\/wp-content\/uploads\/2019\/02\/albarizuela-jerez.jpg\" alt=\"La Albarizuela, Jerez\" width=\"640\" height=\"420\" srcset=\"https:\/\/blog.fuertehoteles.com\/wp-content\/uploads\/2019\/02\/albarizuela-jerez.jpg 640w, https:\/\/blog.fuertehoteles.com\/wp-content\/uploads\/2019\/02\/albarizuela-jerez-300x197.jpg 300w, https:\/\/blog.fuertehoteles.com\/wp-content\/uploads\/2019\/02\/albarizuela-jerez-600x394.jpg 600w, https:\/\/blog.fuertehoteles.com\/wp-content\/uploads\/2019\/02\/albarizuela-jerez-450x295.jpg 450w\" sizes=\"(max-width: 640px) 100vw, 640px\" \/><p id=\"caption-attachment-52455\" class=\"wp-caption-text\">La Albarizuela, Jerez<\/p><\/div>\n<p>Le quartier de San Pedro, \u00e9galement appel\u00e9 La Albarizuela est un quartier \u00e0 Jerez de extramuros la Frontera. Ce quartier doit son nom \u00e0 son \u00e9glise principale, l&#8217;\u00e9glise de San Pedro, mais tout le quartier est nomm\u00e9 par le nom de cette derni\u00e8re, si nous nous concentrons sur des donn\u00e9es historiques, en r\u00e9alit\u00e9 ce sont trois quartiers distincts, le quartier de La Albarizuela, San Pedro et la Atarazanas.<\/p>\n<p><strong><a href=\"http:\/\/goo.gl\/maps\/hGqZNsoYWyG2\" target=\"_blank\" rel=\"noopener noreferrer\">Google Maps<\/a><\/strong><\/p>\n<p>&nbsp;<\/p>\n<h2>20. Malagueta, M\u00e1laga<\/h2>\n<div id=\"attachment_52456\" style=\"width: 650px\" class=\"wp-caption alignnone\"><img aria-describedby=\"caption-attachment-52456\" decoding=\"async\" class=\"size-full wp-image-52456\" src=\"https:\/\/blog.fuertehoteles.com\/wp-content\/uploads\/2019\/02\/la-malagueta-vista.jpg\" alt=\"La Malagueta, M\u00e1laga\" width=\"640\" height=\"420\" srcset=\"https:\/\/blog.fuertehoteles.com\/wp-content\/uploads\/2019\/02\/la-malagueta-vista.jpg 640w, https:\/\/blog.fuertehoteles.com\/wp-content\/uploads\/2019\/02\/la-malagueta-vista-300x197.jpg 300w, https:\/\/blog.fuertehoteles.com\/wp-content\/uploads\/2019\/02\/la-malagueta-vista-600x394.jpg 600w, https:\/\/blog.fuertehoteles.com\/wp-content\/uploads\/2019\/02\/la-malagueta-vista-450x295.jpg 450w\" sizes=\"(max-width: 640px) 100vw, 640px\" \/><p id=\"caption-attachment-52456\" class=\"wp-caption-text\">La Malagueta, M\u00e1laga<\/p><\/div>\n<p>La Malagueta a toujours \u00e9t\u00e9 un quartier c\u00e9l\u00e8bre, mais maintenant il l&#8217;est beaucoup plus car c&#8217;est maintenant un lieu de rencontre de l&#8217;art et de la mode, exemple de cela est que dans ses environs se trouve le mus\u00e9e Pompidou. Ce quartier s&#8217;\u00e9tend depuis les alentours du Mus\u00e9e Picasso jusqu&#8217;\u00e0 La Farola.<\/p>\n<p>Les endroits les plus importants \u00e0 visiter dans la r\u00e9gion sont l&#8217;ancienne \u00abbodega El Pimpi\u00bb, o\u00f9 vous pourrez profiter d&#8217;un verre de vin de Malaga ou du Th\u00e9\u00e2tre romain r\u00e9nov\u00e9.<\/p>\n<p><strong><a href=\"http:\/\/goo.gl\/maps\/J3fMroKjV692\" target=\"_blank\" rel=\"noopener noreferrer\">Google Maps<\/a><\/strong><\/p>\n<p>&nbsp;<\/p>\n<p><strong><a href=\"https:\/\/blog.fuertehoteles.com\/fr\/destinations\/villages-de-andalousie\/\">Les 30 plus beaux villages d&#8217;Andalousie<\/a><\/strong><\/p>\n<p>&nbsp;<\/p>\n<h2>OU SE LOGER<\/h2>\n<div id=\"attachment_42823\" style=\"width: 650px\" class=\"wp-caption alignnone\"><img aria-describedby=\"caption-attachment-42823\" decoding=\"async\" class=\"size-full wp-image-42823\" src=\"https:\/\/blog.fuertehoteles.com\/wp-content\/uploads\/2018\/11\/fuerte-marbella-nueva-habitaciones.jpg\" alt=\"Hotel Fuerte Marbella\" width=\"640\" height=\"420\" srcset=\"https:\/\/blog.fuertehoteles.com\/wp-content\/uploads\/2018\/11\/fuerte-marbella-nueva-habitaciones.jpg 640w, https:\/\/blog.fuertehoteles.com\/wp-content\/uploads\/2018\/11\/fuerte-marbella-nueva-habitaciones-300x197.jpg 300w, https:\/\/blog.fuertehoteles.com\/wp-content\/uploads\/2018\/11\/fuerte-marbella-nueva-habitaciones-600x394.jpg 600w, https:\/\/blog.fuertehoteles.com\/wp-content\/uploads\/2018\/11\/fuerte-marbella-nueva-habitaciones-450x295.jpg 450w\" sizes=\"(max-width: 640px) 100vw, 640px\" \/><p id=\"caption-attachment-42823\" class=\"wp-caption-text\">Hotel Fuerte Marbella<\/p><\/div>\n<p>Si vous pensez \u00e0 l\u2019Andalousie comme destination de vacances d\u2019\u00e9t\u00e9, n\u2019h\u00e9sitez pas \u00e0 vous loger via <a title=\"Fuerte Hoteles\" href=\"https:\/\/www.fuertehoteles.com\/fr\/\" target=\"_blank\" rel=\"noopener noreferrer\"><b>Fuerte Hoteles<\/b><\/a>. Ces logements poss\u00e8dent un excellent service, num\u00e9ro un en qualit\u00e9 selon TripAdvisor et avalis\u00e9 par plus de 60 ans d\u2019exp\u00e9rience, sont le meilleur choix pour vos jours de repos. <b>Marbella, Conil, Grazalema, El Rompido o Torrox <\/b>sont quelques unes des enclaves o\u00f9 vous pourrez trouver ces magnifiques logements et sont un point de r\u00e9f\u00e9rence ad\u00e9quat afin que vous puissiez d\u00e9couvrir les quartiers les plus singuliers d\u2019Andalousie.<\/p>\n","protected":false},"excerpt":{"rendered":"<p>D\u00e9couvrez avec nous les dessous de la carte andalouse Pour entrer dans la culture et l&#8217;idiosyncrasie d&#8217;une ville il n&#8217;y a rien de mieux que de connaitre quartier par quartier. Par cons\u00e9quent, nous vous montrons dans ce beau voyage mais cela pourrait \u00eatre beaucoup plus, parce que l&#8217;Andalousie est rempli de quartiers pittoresques, certains proches [&hellip;]<\/p>\n","protected":false},"author":11,"featured_media":52461,"comment_status":"open","ping_status":"open","sticky":false,"template":"","format":"standard","meta":[],"categories":[24],"tags":[510,409,546,579],"acf":[],"yoast_head":"<!-- This site is optimized with the Yoast SEO plugin v21.1 - https:\/\/yoast.com\/wordpress\/plugins\/seo\/ -->\n<title>D\u00e9couvrez avec nous les quartiers d\u2019Andalousie, Espagne<\/title>\n<meta name=\"description\" content=\"20 quartiers les plus beaux d\u2019Espagne. N\u2019h\u00e9sitez pas \u00e0 venir visiter ces enclaves et profiter de votre voyage au plus pr\u00e8s de la culture.\" \/>\n<meta name=\"robots\" content=\"index, follow, max-snippet:-1, max-image-preview:large, max-video-preview:-1\" \/>\n<link rel=\"canonical\" href=\"https:\/\/blog.fuertehoteles.com\/fr\/destinations\/quarties-les-plus-beaux-d-andalousie\/\" \/>\n<meta property=\"og:locale\" content=\"fr_FR\" \/>\n<meta property=\"og:type\" content=\"article\" \/>\n<meta property=\"og:title\" content=\"D\u00e9couvrez avec nous les quartiers d\u2019Andalousie, Espagne\" \/>\n<meta property=\"og:description\" content=\"20 quartiers les plus beaux d\u2019Espagne. N\u2019h\u00e9sitez pas \u00e0 venir visiter ces enclaves et profiter de votre voyage au plus pr\u00e8s de la culture.\" \/>\n<meta property=\"og:url\" content=\"https:\/\/blog.fuertehoteles.com\/fr\/destinations\/quarties-les-plus-beaux-d-andalousie\/\" \/>\n<meta property=\"og:site_name\" content=\"Blog Fuerte Hoteles\" \/>\n<meta property=\"article:publisher\" content=\"https:\/\/www.facebook.com\/HotelesFuerte\" \/>\n<meta property=\"article:author\" content=\"https:\/\/www.facebook.com\/hotelesfuerte\" \/>\n<meta property=\"article:published_time\" content=\"2021-03-16T08:00:06+00:00\" \/>\n<meta property=\"article:modified_time\" content=\"2021-03-15T14:56:06+00:00\" \/>\n<meta property=\"og:image\" content=\"https:\/\/blog.fuertehoteles.com\/wp-content\/uploads\/2019\/02\/casco-antiguo-marbella-calles.jpg\" \/>\n\t<meta property=\"og:image:width\" content=\"640\" \/>\n\t<meta property=\"og:image:height\" content=\"420\" \/>\n\t<meta property=\"og:image:type\" content=\"image\/jpeg\" \/>\n<meta name=\"author\" content=\"Fuerte Hoteles\" \/>\n<meta name=\"twitter:card\" content=\"summary_large_image\" \/>\n<meta name=\"twitter:creator\" content=\"@https:\/\/twitter.com\/fuertehoteles\" \/>\n<meta name=\"twitter:site\" content=\"@fuertehoteles\" \/>\n<meta name=\"twitter:label1\" content=\"\u00c9crit par\" \/>\n\t<meta name=\"twitter:data1\" content=\"Fuerte Hoteles\" \/>\n\t<meta name=\"twitter:label2\" content=\"Dur\u00e9e de lecture estim\u00e9e\" \/>\n\t<meta name=\"twitter:data2\" content=\"15 minutes\" \/>\n<script type=\"application\/ld+json\" class=\"yoast-schema-graph\">{\"@context\":\"https:\/\/schema.org\",\"@graph\":[{\"@type\":\"Article\",\"@id\":\"https:\/\/blog.fuertehoteles.com\/fr\/destinations\/quarties-les-plus-beaux-d-andalousie\/#article\",\"isPartOf\":{\"@id\":\"https:\/\/blog.fuertehoteles.com\/fr\/destinations\/quarties-les-plus-beaux-d-andalousie\/\"},\"author\":{\"name\":\"Fuerte Hoteles\",\"@id\":\"https:\/\/blog.fuertehoteles.com\/fr\/#\/schema\/person\/2c21417ecb9c684c591d8261fce6a10d\"},\"headline\":\"Les quartiers d\u2019Andalousie vous offrent l\u2019essence de chaque destination.\",\"datePublished\":\"2021-03-16T08:00:06+00:00\",\"dateModified\":\"2021-03-15T14:56:06+00:00\",\"mainEntityOfPage\":{\"@id\":\"https:\/\/blog.fuertehoteles.com\/fr\/destinations\/quarties-les-plus-beaux-d-andalousie\/\"},\"wordCount\":3041,\"commentCount\":0,\"publisher\":{\"@id\":\"https:\/\/blog.fuertehoteles.com\/fr\/#organization\"},\"keywords\":[\"histoire\",\"monuments\",\"monuments\",\"produits locaux\"],\"articleSection\":[\"Destinations\"],\"inLanguage\":\"fr-FR\",\"potentialAction\":[{\"@type\":\"CommentAction\",\"name\":\"Comment\",\"target\":[\"https:\/\/blog.fuertehoteles.com\/fr\/destinations\/quarties-les-plus-beaux-d-andalousie\/#respond\"]}]},{\"@type\":\"WebPage\",\"@id\":\"https:\/\/blog.fuertehoteles.com\/fr\/destinations\/quarties-les-plus-beaux-d-andalousie\/\",\"url\":\"https:\/\/blog.fuertehoteles.com\/fr\/destinations\/quarties-les-plus-beaux-d-andalousie\/\",\"name\":\"D\u00e9couvrez avec nous les quartiers d\u2019Andalousie, Espagne\",\"isPartOf\":{\"@id\":\"https:\/\/blog.fuertehoteles.com\/fr\/#website\"},\"datePublished\":\"2021-03-16T08:00:06+00:00\",\"dateModified\":\"2021-03-15T14:56:06+00:00\",\"description\":\"20 quartiers les plus beaux d\u2019Espagne. N\u2019h\u00e9sitez pas \u00e0 venir visiter ces enclaves et profiter de votre voyage au plus pr\u00e8s de la culture.\",\"breadcrumb\":{\"@id\":\"https:\/\/blog.fuertehoteles.com\/fr\/destinations\/quarties-les-plus-beaux-d-andalousie\/#breadcrumb\"},\"inLanguage\":\"fr-FR\",\"potentialAction\":[{\"@type\":\"ReadAction\",\"target\":[\"https:\/\/blog.fuertehoteles.com\/fr\/destinations\/quarties-les-plus-beaux-d-andalousie\/\"]}]},{\"@type\":\"BreadcrumbList\",\"@id\":\"https:\/\/blog.fuertehoteles.com\/fr\/destinations\/quarties-les-plus-beaux-d-andalousie\/#breadcrumb\",\"itemListElement\":[{\"@type\":\"ListItem\",\"position\":1,\"name\":\"Home\",\"item\":\"https:\/\/blog.fuertehoteles.com\/fr\/\"},{\"@type\":\"ListItem\",\"position\":2,\"name\":\"Les quartiers d\u2019Andalousie vous offrent l\u2019essence de chaque destination.\"}]},{\"@type\":\"WebSite\",\"@id\":\"https:\/\/blog.fuertehoteles.com\/fr\/#website\",\"url\":\"https:\/\/blog.fuertehoteles.com\/fr\/\",\"name\":\"Blog Fuerte Hoteles\",\"description\":\"Blog de Voyage de Andalousie, H\u00f4tel blog\",\"publisher\":{\"@id\":\"https:\/\/blog.fuertehoteles.com\/fr\/#organization\"},\"potentialAction\":[{\"@type\":\"SearchAction\",\"target\":{\"@type\":\"EntryPoint\",\"urlTemplate\":\"https:\/\/blog.fuertehoteles.com\/fr\/?s={search_term_string}\"},\"query-input\":\"required name=search_term_string\"}],\"inLanguage\":\"fr-FR\"},{\"@type\":\"Organization\",\"@id\":\"https:\/\/blog.fuertehoteles.com\/fr\/#organization\",\"name\":\"Fuerte Group Hotels\",\"url\":\"https:\/\/blog.fuertehoteles.com\/fr\/\",\"logo\":{\"@type\":\"ImageObject\",\"inLanguage\":\"fr-FR\",\"@id\":\"https:\/\/blog.fuertehoteles.com\/fr\/#\/schema\/logo\/image\/\",\"url\":\"https:\/\/blog.fuertehoteles.com\/wp-content\/uploads\/2019\/02\/Logo_fuertegroup_ver_Gris-03.jpg\",\"contentUrl\":\"https:\/\/blog.fuertehoteles.com\/wp-content\/uploads\/2019\/02\/Logo_fuertegroup_ver_Gris-03.jpg\",\"width\":900,\"height\":900,\"caption\":\"Fuerte Group Hotels\"},\"image\":{\"@id\":\"https:\/\/blog.fuertehoteles.com\/fr\/#\/schema\/logo\/image\/\"},\"sameAs\":[\"https:\/\/www.facebook.com\/HotelesFuerte\",\"https:\/\/twitter.com\/fuertehoteles\",\"https:\/\/www.instagram.com\/fuertehoteles\/\",\"https:\/\/www.pinterest.es\/fuertehoteles\/\",\"https:\/\/www.youtube.com\/user\/fuertehoteles\"]},{\"@type\":\"Person\",\"@id\":\"https:\/\/blog.fuertehoteles.com\/fr\/#\/schema\/person\/2c21417ecb9c684c591d8261fce6a10d\",\"name\":\"Fuerte Hoteles\",\"image\":{\"@type\":\"ImageObject\",\"inLanguage\":\"fr-FR\",\"@id\":\"https:\/\/blog.fuertehoteles.com\/fr\/#\/schema\/person\/image\/\",\"url\":\"https:\/\/secure.gravatar.com\/avatar\/3927af8ad2a9791e384c3c512a1b6221?s=96&d=mm&r=g\",\"contentUrl\":\"https:\/\/secure.gravatar.com\/avatar\/3927af8ad2a9791e384c3c512a1b6221?s=96&d=mm&r=g\",\"caption\":\"Fuerte Hoteles\"},\"sameAs\":[\"https:\/\/blog.fuertehoteles.com\",\"https:\/\/www.facebook.com\/hotelesfuerte\",\"https:\/\/www.pinterest.com\/fuertehoteles\/\",\"https:\/\/twitter.com\/https:\/\/twitter.com\/fuertehoteles\",\"https:\/\/www.youtube.com\/user\/fuertehoteles\"],\"url\":\"https:\/\/blog.fuertehoteles.com\/fr\/author\/carlo-piran\/\"}]}<\/script>\n<!-- \/ Yoast SEO plugin. -->","yoast_head_json":{"title":"D\u00e9couvrez avec nous les quartiers d\u2019Andalousie, Espagne","description":"20 quartiers les plus beaux d\u2019Espagne. N\u2019h\u00e9sitez pas \u00e0 venir visiter ces enclaves et profiter de votre voyage au plus pr\u00e8s de la culture.","robots":{"index":"index","follow":"follow","max-snippet":"max-snippet:-1","max-image-preview":"max-image-preview:large","max-video-preview":"max-video-preview:-1"},"canonical":"https:\/\/blog.fuertehoteles.com\/fr\/destinations\/quarties-les-plus-beaux-d-andalousie\/","og_locale":"fr_FR","og_type":"article","og_title":"D\u00e9couvrez avec nous les quartiers d\u2019Andalousie, Espagne","og_description":"20 quartiers les plus beaux d\u2019Espagne. N\u2019h\u00e9sitez pas \u00e0 venir visiter ces enclaves et profiter de votre voyage au plus pr\u00e8s de la culture.","og_url":"https:\/\/blog.fuertehoteles.com\/fr\/destinations\/quarties-les-plus-beaux-d-andalousie\/","og_site_name":"Blog Fuerte Hoteles","article_publisher":"https:\/\/www.facebook.com\/HotelesFuerte","article_author":"https:\/\/www.facebook.com\/hotelesfuerte","article_published_time":"2021-03-16T08:00:06+00:00","article_modified_time":"2021-03-15T14:56:06+00:00","og_image":[{"width":640,"height":420,"url":"https:\/\/blog.fuertehoteles.com\/wp-content\/uploads\/2019\/02\/casco-antiguo-marbella-calles.jpg","type":"image\/jpeg"}],"author":"Fuerte Hoteles","twitter_card":"summary_large_image","twitter_creator":"@https:\/\/twitter.com\/fuertehoteles","twitter_site":"@fuertehoteles","twitter_misc":{"\u00c9crit par":"Fuerte Hoteles","Dur\u00e9e de lecture estim\u00e9e":"15 minutes"},"schema":{"@context":"https:\/\/schema.org","@graph":[{"@type":"Article","@id":"https:\/\/blog.fuertehoteles.com\/fr\/destinations\/quarties-les-plus-beaux-d-andalousie\/#article","isPartOf":{"@id":"https:\/\/blog.fuertehoteles.com\/fr\/destinations\/quarties-les-plus-beaux-d-andalousie\/"},"author":{"name":"Fuerte Hoteles","@id":"https:\/\/blog.fuertehoteles.com\/fr\/#\/schema\/person\/2c21417ecb9c684c591d8261fce6a10d"},"headline":"Les quartiers d\u2019Andalousie vous offrent l\u2019essence de chaque destination.","datePublished":"2021-03-16T08:00:06+00:00","dateModified":"2021-03-15T14:56:06+00:00","mainEntityOfPage":{"@id":"https:\/\/blog.fuertehoteles.com\/fr\/destinations\/quarties-les-plus-beaux-d-andalousie\/"},"wordCount":3041,"commentCount":0,"publisher":{"@id":"https:\/\/blog.fuertehoteles.com\/fr\/#organization"},"keywords":["histoire","monuments","monuments","produits locaux"],"articleSection":["Destinations"],"inLanguage":"fr-FR","potentialAction":[{"@type":"CommentAction","name":"Comment","target":["https:\/\/blog.fuertehoteles.com\/fr\/destinations\/quarties-les-plus-beaux-d-andalousie\/#respond"]}]},{"@type":"WebPage","@id":"https:\/\/blog.fuertehoteles.com\/fr\/destinations\/quarties-les-plus-beaux-d-andalousie\/","url":"https:\/\/blog.fuertehoteles.com\/fr\/destinations\/quarties-les-plus-beaux-d-andalousie\/","name":"D\u00e9couvrez avec nous les quartiers d\u2019Andalousie, Espagne","isPartOf":{"@id":"https:\/\/blog.fuertehoteles.com\/fr\/#website"},"datePublished":"2021-03-16T08:00:06+00:00","dateModified":"2021-03-15T14:56:06+00:00","description":"20 quartiers les plus beaux d\u2019Espagne. N\u2019h\u00e9sitez pas \u00e0 venir visiter ces enclaves et profiter de votre voyage au plus pr\u00e8s de la culture.","breadcrumb":{"@id":"https:\/\/blog.fuertehoteles.com\/fr\/destinations\/quarties-les-plus-beaux-d-andalousie\/#breadcrumb"},"inLanguage":"fr-FR","potentialAction":[{"@type":"ReadAction","target":["https:\/\/blog.fuertehoteles.com\/fr\/destinations\/quarties-les-plus-beaux-d-andalousie\/"]}]},{"@type":"BreadcrumbList","@id":"https:\/\/blog.fuertehoteles.com\/fr\/destinations\/quarties-les-plus-beaux-d-andalousie\/#breadcrumb","itemListElement":[{"@type":"ListItem","position":1,"name":"Home","item":"https:\/\/blog.fuertehoteles.com\/fr\/"},{"@type":"ListItem","position":2,"name":"Les quartiers d\u2019Andalousie vous offrent l\u2019essence de chaque destination."}]},{"@type":"WebSite","@id":"https:\/\/blog.fuertehoteles.com\/fr\/#website","url":"https:\/\/blog.fuertehoteles.com\/fr\/","name":"Blog Fuerte Hoteles","description":"Blog de Voyage de Andalousie, H\u00f4tel blog","publisher":{"@id":"https:\/\/blog.fuertehoteles.com\/fr\/#organization"},"potentialAction":[{"@type":"SearchAction","target":{"@type":"EntryPoint","urlTemplate":"https:\/\/blog.fuertehoteles.com\/fr\/?s={search_term_string}"},"query-input":"required name=search_term_string"}],"inLanguage":"fr-FR"},{"@type":"Organization","@id":"https:\/\/blog.fuertehoteles.com\/fr\/#organization","name":"Fuerte Group Hotels","url":"https:\/\/blog.fuertehoteles.com\/fr\/","logo":{"@type":"ImageObject","inLanguage":"fr-FR","@id":"https:\/\/blog.fuertehoteles.com\/fr\/#\/schema\/logo\/image\/","url":"https:\/\/blog.fuertehoteles.com\/wp-content\/uploads\/2019\/02\/Logo_fuertegroup_ver_Gris-03.jpg","contentUrl":"https:\/\/blog.fuertehoteles.com\/wp-content\/uploads\/2019\/02\/Logo_fuertegroup_ver_Gris-03.jpg","width":900,"height":900,"caption":"Fuerte Group Hotels"},"image":{"@id":"https:\/\/blog.fuertehoteles.com\/fr\/#\/schema\/logo\/image\/"},"sameAs":["https:\/\/www.facebook.com\/HotelesFuerte","https:\/\/twitter.com\/fuertehoteles","https:\/\/www.instagram.com\/fuertehoteles\/","https:\/\/www.pinterest.es\/fuertehoteles\/","https:\/\/www.youtube.com\/user\/fuertehoteles"]},{"@type":"Person","@id":"https:\/\/blog.fuertehoteles.com\/fr\/#\/schema\/person\/2c21417ecb9c684c591d8261fce6a10d","name":"Fuerte Hoteles","image":{"@type":"ImageObject","inLanguage":"fr-FR","@id":"https:\/\/blog.fuertehoteles.com\/fr\/#\/schema\/person\/image\/","url":"https:\/\/secure.gravatar.com\/avatar\/3927af8ad2a9791e384c3c512a1b6221?s=96&d=mm&r=g","contentUrl":"https:\/\/secure.gravatar.com\/avatar\/3927af8ad2a9791e384c3c512a1b6221?s=96&d=mm&r=g","caption":"Fuerte Hoteles"},"sameAs":["https:\/\/blog.fuertehoteles.com","https:\/\/www.facebook.com\/hotelesfuerte","https:\/\/www.pinterest.com\/fuertehoteles\/","https:\/\/twitter.com\/https:\/\/twitter.com\/fuertehoteles","https:\/\/www.youtube.com\/user\/fuertehoteles"],"url":"https:\/\/blog.fuertehoteles.com\/fr\/author\/carlo-piran\/"}]}},"_links":{"self":[{"href":"https:\/\/blog.fuertehoteles.com\/fr\/wp-json\/wp\/v2\/posts\/28223"}],"collection":[{"href":"https:\/\/blog.fuertehoteles.com\/fr\/wp-json\/wp\/v2\/posts"}],"about":[{"href":"https:\/\/blog.fuertehoteles.com\/fr\/wp-json\/wp\/v2\/types\/post"}],"author":[{"embeddable":true,"href":"https:\/\/blog.fuertehoteles.com\/fr\/wp-json\/wp\/v2\/users\/11"}],"replies":[{"embeddable":true,"href":"https:\/\/blog.fuertehoteles.com\/fr\/wp-json\/wp\/v2\/comments?post=28223"}],"version-history":[{"count":27,"href":"https:\/\/blog.fuertehoteles.com\/fr\/wp-json\/wp\/v2\/posts\/28223\/revisions"}],"predecessor-version":[{"id":52468,"href":"https:\/\/blog.fuertehoteles.com\/fr\/wp-json\/wp\/v2\/posts\/28223\/revisions\/52468"}],"wp:featuredmedia":[{"embeddable":true,"href":"https:\/\/blog.fuertehoteles.com\/fr\/wp-json\/wp\/v2\/media\/52461"}],"wp:attachment":[{"href":"https:\/\/blog.fuertehoteles.com\/fr\/wp-json\/wp\/v2\/media?parent=28223"}],"wp:term":[{"taxonomy":"category","embeddable":true,"href":"https:\/\/blog.fuertehoteles.com\/fr\/wp-json\/wp\/v2\/categories?post=28223"},{"taxonomy":"post_tag","embeddable":true,"href":"https:\/\/blog.fuertehoteles.com\/fr\/wp-json\/wp\/v2\/tags?post=28223"}],"curies":[{"name":"wp","href":"https:\/\/api.w.org\/{rel}","templated":true}]}}